{"id":473,"date":"2011-11-15T12:58:04","date_gmt":"2011-11-15T12:58:04","guid":{"rendered":"http:\/\/www.nyalatravel.com\/wordpress\/?page_id=473"},"modified":"2026-08-17T13:44:56","modified_gmt":"2026-08-17T13:44:56","slug":"1-genes-la-superbe-3","status":"publish","type":"post","link":"https:\/\/itourriviera.it\/fr\/1-genes-la-superbe-3\/","title":{"rendered":"G\u00eanes, la superbe"},"content":{"rendered":"<h3>\u00a0<\/h3>\n<p><!--more--><\/p>\n<p>* Voyage par autoroute \u00e0 partir de San Remo (140 km &#8211; 1h 30 env.).<\/p>\n<p>* Arr\u00eat au <strong>vieux port<\/strong>, enti\u00e8rement restaur\u00e9 d\u2019apr\u00e8s le projet de l\u2019architecte Renzo Piano pour les Colombiadi de 1992.<\/p>\n<p>* Visite du plus grand aquarium d\u2019Europe, l&rsquo;<strong>Aquarium de G\u00eanes<\/strong> qui reproduit l\u2019\u00e9cosyst\u00e8me des sept mers. Le public peut pratiquement toucher les poissons !<\/p>\n<p>* Dans le quartier du vieux port, visite de <strong>Galata le Mus\u00e9e de la mer<\/strong>, inaugur\u00e9 en 2004, et du magnifique <strong>Palais du Prince<\/strong> Andrea Doria.<\/p>\n<p>* Tr\u00e8s int\u00e9ressante visite du centre historique, arr\u00eat \u00e0 ne pas manquer aux splendides <strong>Palazzo reale<\/strong> et <strong>Palazzo ducale<\/strong>.<\/p>\n<p>* Retour par autoroute.<\/p>\n","protected":false},"excerpt":{"rendered":"<p>enti\u00e9rement restaur\u00e9e d&rsquo;apr\u00e8s le projet de l&rsquo;architecte Renzo Piano pour les Colombiadi de 1992<\/p>\n","protected":false},"author":1,"featured_media":8205,"comment_status":"closed","ping_status":"closed","sticky":false,"template":"","format":"standard","meta":{"_et_pb_use_builder":"","_et_pb_old_content":"","_et_gb_content_width":"","footnotes":""},"categories":[984,990],"tags":[],"class_list":["post-473","post","type-post","status-publish","format-standard","has-post-thumbnail","hentry","category-ligurie","category-riviera-fr"],"yoast_head":"<!-- This site is optimized with the Yoast SEO plugin v28.4 - https:\/\/yoast.com\/product\/yoast-seo-wordpress\/ -->\n<title>G\u00eanes, la superbe | iTour Riviera<\/title>\n<meta name=\"description\" content=\"* Voyage par autoroute \u00e0 partir de San Remo (140 km &#8211; 1h 30 env.). * Arr\u00eat au vieux port , enti\u00e8rement restaur\u00e9 d\u2019apr\u00e8s le projet de l\u2019architecte\" \/>\n<meta name=\"robots\" content=\"index, follow, max-snippet:-1, max-image-preview:large, max-video-preview:-1\" \/>\n<link rel=\"canonical\" href=\"https:\/\/itourriviera.it\/fr\/1-genes-la-superbe-3\/\" \/>\n<meta property=\"og:locale\" content=\"fr_FR\" \/>\n<meta property=\"og:type\" content=\"article\" \/>\n<meta property=\"og:title\" content=\"G\u00eanes, la superbe | iTour Riviera\" \/>\n<meta property=\"og:description\" content=\"* Voyage par autoroute \u00e0 partir de San Remo (140 km &#8211; 1h 30 env.). * Arr\u00eat au vieux port , enti\u00e8rement restaur\u00e9 d\u2019apr\u00e8s le projet de l\u2019architecte\" \/>\n<meta property=\"og:url\" content=\"https:\/\/itourriviera.it\/fr\/1-genes-la-superbe-3\/\" \/>\n<meta property=\"og:site_name\" content=\"iTour RIVIERA D.M.C.\" \/>\n<meta property=\"article:published_time\" content=\"2011-11-15T12:58:04+00:00\" \/>\n<meta property=\"article:modified_time\" content=\"2026-08-17T13:44:56+00:00\" \/>\n<meta property=\"og:image\" content=\"https:\/\/itourriviera.it\/wp-content\/uploads\/2011\/11\/belinda-fewings-kyRvCJEhbtQ-unsplash.jpg\" \/>\n\t<meta property=\"og:image:width\" content=\"1920\" \/>\n\t<meta property=\"og:image:height\" content=\"1440\" \/>\n\t<meta property=\"og:image:type\" content=\"image\/jpeg\" \/>\n<meta name=\"author\" content=\"nyala\" \/>\n<meta name=\"twitter:card\" content=\"summary_large_image\" \/>\n<meta name=\"twitter:label1\" content=\"\u00c9crit par\" \/>\n\t<meta name=\"twitter:data1\" content=\"nyala\" \/>\n\t<meta name=\"twitter:label2\" content=\"Dur\u00e9e de lecture estim\u00e9e\" \/>\n\t<meta name=\"twitter:data2\" content=\"1 minute\" \/>\n<script type=\"application\/ld+json\" class=\"yoast-schema-graph\">{\"@context\":\"https:\\\/\\\/schema.org\",\"@graph\":[{\"@type\":\"Article\",\"@id\":\"https:\\\/\\\/itourriviera.it\\\/fr\\\/1-genes-la-superbe-3\\\/#article\",\"isPartOf\":{\"@id\":\"https:\\\/\\\/itourriviera.it\\\/fr\\\/1-genes-la-superbe-3\\\/\"},\"author\":{\"name\":\"nyala\",\"@id\":\"https:\\\/\\\/itourriviera.it\\\/fr\\\/#\\\/schema\\\/person\\\/f771c65249e37eacd1938768b019c66a\"},\"headline\":\"G\u00eanes, la superbe\",\"datePublished\":\"2011-11-15T12:58:04+00:00\",\"dateModified\":\"2026-08-17T13:44:56+00:00\",\"mainEntityOfPage\":{\"@id\":\"https:\\\/\\\/itourriviera.it\\\/fr\\\/1-genes-la-superbe-3\\\/\"},\"wordCount\":112,\"publisher\":{\"@id\":\"https:\\\/\\\/itourriviera.it\\\/fr\\\/#organization\"},\"image\":{\"@id\":\"https:\\\/\\\/itourriviera.it\\\/fr\\\/1-genes-la-superbe-3\\\/#primaryimage\"},\"thumbnailUrl\":\"https:\\\/\\\/itourriviera.it\\\/wp-content\\\/uploads\\\/2011\\\/11\\\/belinda-fewings-kyRvCJEhbtQ-unsplash.jpg\",\"articleSection\":[\"Ligurie\",\"Riviera\"],\"inLanguage\":\"fr-FR\"},{\"@type\":\"WebPage\",\"@id\":\"https:\\\/\\\/itourriviera.it\\\/fr\\\/1-genes-la-superbe-3\\\/\",\"url\":\"https:\\\/\\\/itourriviera.it\\\/fr\\\/1-genes-la-superbe-3\\\/\",\"name\":\"G\u00eanes, la superbe | iTour Riviera\",\"isPartOf\":{\"@id\":\"https:\\\/\\\/itourriviera.it\\\/fr\\\/#website\"},\"primaryImageOfPage\":{\"@id\":\"https:\\\/\\\/itourriviera.it\\\/fr\\\/1-genes-la-superbe-3\\\/#primaryimage\"},\"image\":{\"@id\":\"https:\\\/\\\/itourriviera.it\\\/fr\\\/1-genes-la-superbe-3\\\/#primaryimage\"},\"thumbnailUrl\":\"https:\\\/\\\/itourriviera.it\\\/wp-content\\\/uploads\\\/2011\\\/11\\\/belinda-fewings-kyRvCJEhbtQ-unsplash.jpg\",\"datePublished\":\"2011-11-15T12:58:04+00:00\",\"dateModified\":\"2026-08-17T13:44:56+00:00\",\"description\":\"* Voyage par autoroute \u00e0 partir de San Remo (140 km &#8211; 1h 30 env.). * Arr\u00eat au vieux port , enti\u00e8rement restaur\u00e9 d\u2019apr\u00e8s le projet de l\u2019architecte\",\"breadcrumb\":{\"@id\":\"https:\\\/\\\/itourriviera.it\\\/fr\\\/1-genes-la-superbe-3\\\/#breadcrumb\"},\"inLanguage\":\"fr-FR\",\"potentialAction\":[{\"@type\":\"ReadAction\",\"target\":[\"https:\\\/\\\/itourriviera.it\\\/fr\\\/1-genes-la-superbe-3\\\/\"]}]},{\"@type\":\"ImageObject\",\"inLanguage\":\"fr-FR\",\"@id\":\"https:\\\/\\\/itourriviera.it\\\/fr\\\/1-genes-la-superbe-3\\\/#primaryimage\",\"url\":\"https:\\\/\\\/itourriviera.it\\\/wp-content\\\/uploads\\\/2011\\\/11\\\/belinda-fewings-kyRvCJEhbtQ-unsplash.jpg\",\"contentUrl\":\"https:\\\/\\\/itourriviera.it\\\/wp-content\\\/uploads\\\/2011\\\/11\\\/belinda-fewings-kyRvCJEhbtQ-unsplash.jpg\",\"width\":1920,\"height\":1440,\"caption\":\"Piazza Ferrari, Genova\"},{\"@type\":\"BreadcrumbList\",\"@id\":\"https:\\\/\\\/itourriviera.it\\\/fr\\\/1-genes-la-superbe-3\\\/#breadcrumb\",\"itemListElement\":[{\"@type\":\"ListItem\",\"position\":1,\"name\":\"Home\",\"item\":\"https:\\\/\\\/itourriviera.it\\\/fr\\\/itour\\\/\"},{\"@type\":\"ListItem\",\"position\":2,\"name\":\"G\u00eanes, la superbe\"}]},{\"@type\":\"WebSite\",\"@id\":\"https:\\\/\\\/itourriviera.it\\\/fr\\\/#website\",\"url\":\"https:\\\/\\\/itourriviera.it\\\/fr\\\/\",\"name\":\"iTour RIVIERA D.M.C.\",\"description\":\"EXPERIENCES ON ITALIAN AND FRENCH RIVIERA\",\"publisher\":{\"@id\":\"https:\\\/\\\/itourriviera.it\\\/fr\\\/#organization\"},\"potentialAction\":[{\"@type\":\"SearchAction\",\"target\":{\"@type\":\"EntryPoint\",\"urlTemplate\":\"https:\\\/\\\/itourriviera.it\\\/fr\\\/?s={search_term_string}\"},\"query-input\":{\"@type\":\"PropertyValueSpecification\",\"valueRequired\":true,\"valueName\":\"search_term_string\"}}],\"inLanguage\":\"fr-FR\"},{\"@type\":\"Organization\",\"@id\":\"https:\\\/\\\/itourriviera.it\\\/fr\\\/#organization\",\"name\":\"iTour RIVIERA D.M.C.\",\"url\":\"https:\\\/\\\/itourriviera.it\\\/fr\\\/\",\"logo\":{\"@type\":\"ImageObject\",\"inLanguage\":\"fr-FR\",\"@id\":\"https:\\\/\\\/itourriviera.it\\\/fr\\\/#\\\/schema\\\/logo\\\/image\\\/\",\"url\":\"https:\\\/\\\/itourriviera.it\\\/wp-content\\\/uploads\\\/2024\\\/12\\\/itourriviera-logo.png\",\"contentUrl\":\"https:\\\/\\\/itourriviera.it\\\/wp-content\\\/uploads\\\/2024\\\/12\\\/itourriviera-logo.png\",\"width\":817,\"height\":80,\"caption\":\"iTour RIVIERA D.M.C.\"},\"image\":{\"@id\":\"https:\\\/\\\/itourriviera.it\\\/fr\\\/#\\\/schema\\\/logo\\\/image\\\/\"}},{\"@type\":\"Person\",\"@id\":\"https:\\\/\\\/itourriviera.it\\\/fr\\\/#\\\/schema\\\/person\\\/f771c65249e37eacd1938768b019c66a\",\"name\":\"nyala\",\"image\":{\"@type\":\"ImageObject\",\"inLanguage\":\"fr-FR\",\"@id\":\"https:\\\/\\\/secure.gravatar.com\\\/avatar\\\/f7a5868e5bab01769ba9e8d575a8e64c7b2565c93e480cff0ab08e82e18f9ab1?s=96&d=mm&r=g\",\"url\":\"https:\\\/\\\/secure.gravatar.com\\\/avatar\\\/f7a5868e5bab01769ba9e8d575a8e64c7b2565c93e480cff0ab08e82e18f9ab1?s=96&d=mm&r=g\",\"contentUrl\":\"https:\\\/\\\/secure.gravatar.com\\\/avatar\\\/f7a5868e5bab01769ba9e8d575a8e64c7b2565c93e480cff0ab08e82e18f9ab1?s=96&d=mm&r=g\",\"caption\":\"nyala\"},\"url\":\"https:\\\/\\\/itourriviera.it\\\/fr\\\/author\\\/nyala\\\/\"}]}<\/script>\n<!-- \/ Yoast SEO plugin. -->","yoast_head_json":{"title":"G\u00eanes, la superbe | iTour Riviera","description":"* Voyage par autoroute \u00e0 partir de San Remo (140 km &#8211; 1h 30 env.). * Arr\u00eat au vieux port , enti\u00e8rement restaur\u00e9 d\u2019apr\u00e8s le projet de l\u2019architecte","robots":{"index":"index","follow":"follow","max-snippet":"max-snippet:-1","max-image-preview":"max-image-preview:large","max-video-preview":"max-video-preview:-1"},"canonical":"https:\/\/itourriviera.it\/fr\/1-genes-la-superbe-3\/","og_locale":"fr_FR","og_type":"article","og_title":"G\u00eanes, la superbe | iTour Riviera","og_description":"* Voyage par autoroute \u00e0 partir de San Remo (140 km &#8211; 1h 30 env.). * Arr\u00eat au vieux port , enti\u00e8rement restaur\u00e9 d\u2019apr\u00e8s le projet de l\u2019architecte","og_url":"https:\/\/itourriviera.it\/fr\/1-genes-la-superbe-3\/","og_site_name":"iTour RIVIERA D.M.C.","article_published_time":"2011-11-15T12:58:04+00:00","article_modified_time":"2026-08-17T13:44:56+00:00","og_image":[{"width":1920,"height":1440,"url":"https:\/\/itourriviera.it\/wp-content\/uploads\/2011\/11\/belinda-fewings-kyRvCJEhbtQ-unsplash.jpg","type":"image\/jpeg"}],"author":"nyala","twitter_card":"summary_large_image","twitter_misc":{"\u00c9crit par":"nyala","Dur\u00e9e de lecture estim\u00e9e":"1 minute"},"schema":{"@context":"https:\/\/schema.org","@graph":[{"@type":"Article","@id":"https:\/\/itourriviera.it\/fr\/1-genes-la-superbe-3\/#article","isPartOf":{"@id":"https:\/\/itourriviera.it\/fr\/1-genes-la-superbe-3\/"},"author":{"name":"nyala","@id":"https:\/\/itourriviera.it\/fr\/#\/schema\/person\/f771c65249e37eacd1938768b019c66a"},"headline":"G\u00eanes, la superbe","datePublished":"2011-11-15T12:58:04+00:00","dateModified":"2026-08-17T13:44:56+00:00","mainEntityOfPage":{"@id":"https:\/\/itourriviera.it\/fr\/1-genes-la-superbe-3\/"},"wordCount":112,"publisher":{"@id":"https:\/\/itourriviera.it\/fr\/#organization"},"image":{"@id":"https:\/\/itourriviera.it\/fr\/1-genes-la-superbe-3\/#primaryimage"},"thumbnailUrl":"https:\/\/itourriviera.it\/wp-content\/uploads\/2011\/11\/belinda-fewings-kyRvCJEhbtQ-unsplash.jpg","articleSection":["Ligurie","Riviera"],"inLanguage":"fr-FR"},{"@type":"WebPage","@id":"https:\/\/itourriviera.it\/fr\/1-genes-la-superbe-3\/","url":"https:\/\/itourriviera.it\/fr\/1-genes-la-superbe-3\/","name":"G\u00eanes, la superbe | iTour Riviera","isPartOf":{"@id":"https:\/\/itourriviera.it\/fr\/#website"},"primaryImageOfPage":{"@id":"https:\/\/itourriviera.it\/fr\/1-genes-la-superbe-3\/#primaryimage"},"image":{"@id":"https:\/\/itourriviera.it\/fr\/1-genes-la-superbe-3\/#primaryimage"},"thumbnailUrl":"https:\/\/itourriviera.it\/wp-content\/uploads\/2011\/11\/belinda-fewings-kyRvCJEhbtQ-unsplash.jpg","datePublished":"2011-11-15T12:58:04+00:00","dateModified":"2026-08-17T13:44:56+00:00","description":"* Voyage par autoroute \u00e0 partir de San Remo (140 km &#8211; 1h 30 env.). * Arr\u00eat au vieux port , enti\u00e8rement restaur\u00e9 d\u2019apr\u00e8s le projet de l\u2019architecte","breadcrumb":{"@id":"https:\/\/itourriviera.it\/fr\/1-genes-la-superbe-3\/#breadcrumb"},"inLanguage":"fr-FR","potentialAction":[{"@type":"ReadAction","target":["https:\/\/itourriviera.it\/fr\/1-genes-la-superbe-3\/"]}]},{"@type":"ImageObject","inLanguage":"fr-FR","@id":"https:\/\/itourriviera.it\/fr\/1-genes-la-superbe-3\/#primaryimage","url":"https:\/\/itourriviera.it\/wp-content\/uploads\/2011\/11\/belinda-fewings-kyRvCJEhbtQ-unsplash.jpg","contentUrl":"https:\/\/itourriviera.it\/wp-content\/uploads\/2011\/11\/belinda-fewings-kyRvCJEhbtQ-unsplash.jpg","width":1920,"height":1440,"caption":"Piazza Ferrari, Genova"},{"@type":"BreadcrumbList","@id":"https:\/\/itourriviera.it\/fr\/1-genes-la-superbe-3\/#breadcrumb","itemListElement":[{"@type":"ListItem","position":1,"name":"Home","item":"https:\/\/itourriviera.it\/fr\/itour\/"},{"@type":"ListItem","position":2,"name":"G\u00eanes, la superbe"}]},{"@type":"WebSite","@id":"https:\/\/itourriviera.it\/fr\/#website","url":"https:\/\/itourriviera.it\/fr\/","name":"iTour RIVIERA D.M.C.","description":"EXPERIENCES ON ITALIAN AND FRENCH RIVIERA","publisher":{"@id":"https:\/\/itourriviera.it\/fr\/#organization"},"potentialAction":[{"@type":"SearchAction","target":{"@type":"EntryPoint","urlTemplate":"https:\/\/itourriviera.it\/fr\/?s={search_term_string}"},"query-input":{"@type":"PropertyValueSpecification","valueRequired":true,"valueName":"search_term_string"}}],"inLanguage":"fr-FR"},{"@type":"Organization","@id":"https:\/\/itourriviera.it\/fr\/#organization","name":"iTour RIVIERA D.M.C.","url":"https:\/\/itourriviera.it\/fr\/","logo":{"@type":"ImageObject","inLanguage":"fr-FR","@id":"https:\/\/itourriviera.it\/fr\/#\/schema\/logo\/image\/","url":"https:\/\/itourriviera.it\/wp-content\/uploads\/2024\/12\/itourriviera-logo.png","contentUrl":"https:\/\/itourriviera.it\/wp-content\/uploads\/2024\/12\/itourriviera-logo.png","width":817,"height":80,"caption":"iTour RIVIERA D.M.C."},"image":{"@id":"https:\/\/itourriviera.it\/fr\/#\/schema\/logo\/image\/"}},{"@type":"Person","@id":"https:\/\/itourriviera.it\/fr\/#\/schema\/person\/f771c65249e37eacd1938768b019c66a","name":"nyala","image":{"@type":"ImageObject","inLanguage":"fr-FR","@id":"https:\/\/secure.gravatar.com\/avatar\/f7a5868e5bab01769ba9e8d575a8e64c7b2565c93e480cff0ab08e82e18f9ab1?s=96&d=mm&r=g","url":"https:\/\/secure.gravatar.com\/avatar\/f7a5868e5bab01769ba9e8d575a8e64c7b2565c93e480cff0ab08e82e18f9ab1?s=96&d=mm&r=g","contentUrl":"https:\/\/secure.gravatar.com\/avatar\/f7a5868e5bab01769ba9e8d575a8e64c7b2565c93e480cff0ab08e82e18f9ab1?s=96&d=mm&r=g","caption":"nyala"},"url":"https:\/\/itourriviera.it\/fr\/author\/nyala\/"}]}},"_links":{"self":[{"href":"https:\/\/itourriviera.it\/fr\/wp-json\/wp\/v2\/posts\/473","targetHints":{"allow":["GET"]}}],"collection":[{"href":"https:\/\/itourriviera.it\/fr\/wp-json\/wp\/v2\/posts"}],"about":[{"href":"https:\/\/itourriviera.it\/fr\/wp-json\/wp\/v2\/types\/post"}],"author":[{"embeddable":true,"href":"https:\/\/itourriviera.it\/fr\/wp-json\/wp\/v2\/users\/1"}],"replies":[{"embeddable":true,"href":"https:\/\/itourriviera.it\/fr\/wp-json\/wp\/v2\/comments?post=473"}],"version-history":[{"count":14,"href":"https:\/\/itourriviera.it\/fr\/wp-json\/wp\/v2\/posts\/473\/revisions"}],"predecessor-version":[{"id":17903,"href":"https:\/\/itourriviera.it\/fr\/wp-json\/wp\/v2\/posts\/473\/revisions\/17903"}],"wp:featuredmedia":[{"embeddable":true,"href":"https:\/\/itourriviera.it\/fr\/wp-json\/wp\/v2\/media\/8205"}],"wp:attachment":[{"href":"https:\/\/itourriviera.it\/fr\/wp-json\/wp\/v2\/media?parent=473"}],"wp:term":[{"taxonomy":"category","embeddable":true,"href":"https:\/\/itourriviera.it\/fr\/wp-json\/wp\/v2\/categories?post=473"},{"taxonomy":"post_tag","embeddable":true,"href":"https:\/\/itourriviera.it\/fr\/wp-json\/wp\/v2\/tags?post=473"}],"curies":[{"name":"wp","href":"https:\/\/api.w.org\/{rel}","templated":true}]}}