{"id":18829,"date":"2026-08-25T17:08:32","date_gmt":"2026-08-25T17:08:32","guid":{"rendered":"https:\/\/itourriviera.it\/aperitif-dans-les-carrugi-de-sanremo\/"},"modified":"2026-08-25T17:08:32","modified_gmt":"2026-08-25T17:08:32","slug":"aperitif-dans-les-carrugi-de-sanremo","status":"publish","type":"post","link":"https:\/\/itourriviera.it\/fr\/aperitif-dans-les-carrugi-de-sanremo\/","title":{"rendered":"Ap\u00e9ritif dans les carrugi de Sanremo: sardenaira et brandacujun"},"content":{"rendered":"<h2>Une halte du soir dans les ruelles de la vieille ville, parmi les plats embl\u00e9matiques de la cuisine sanremasque<\/h2>\n<p>Quand les lumi\u00e8res s&rsquo;allument dans les ruelles de La Pigna et du centre historique, Sanremo se pr\u00e9pare pour l&rsquo;ap\u00e9ritif. Cette exp\u00e9rience permet de d\u00e9couvrir deux plats embl\u00e9matiques de la table locale: la sardenaira, la focaccia sanremasque garnie de tomate, d&rsquo;anchois et d&rsquo;olives, et le brandacujun, la cr\u00e8me de morue, pommes de terre, olives et pignons typique de l&rsquo;arri\u00e8re-pays de la Riviera dei Fiori, traditionnellement pr\u00e9par\u00e9e en battant les ingr\u00e9dients jusqu&rsquo;\u00e0 obtenir une mousse moelleuse.<\/p>\n<p>Install\u00e9s dans un lieu historique au coeur des carrugi, les d\u00e9gustations s&rsquo;accompagnent d&rsquo;un verre de vin ligure &#8211; un Vermentino ou un Rossese di Dolceacqua &#8211; tandis que le guide raconte l&rsquo;histoire de ces plats et du quartier qui les pr\u00e9serve depuis des g\u00e9n\u00e9rations.<\/p>\n<h2>L&#x27;exp\u00e9rience comprend<\/h2>\n<ul>\n<li>Guide accompagnant la promenade du soir dans les carrugi<\/li>\n<li>D\u00e9gustation de sardenaira<\/li>\n<li>D\u00e9gustation de brandacujun<\/li>\n<li>Un verre de vin ligure en accompagnement<\/li>\n<li>Courte balade \u00e0 pied dans la vieille ville, environ 1h30<\/li>\n<\/ul>\n<h2>L&#x27;exp\u00e9rience ne comprend pas<\/h2>\n<ul>\n<li>Transfert aller-retour au point de rendez-vous<\/li>\n<li>D\u00eener complet &#8211; il s&#x27;agit d&#x27;un ap\u00e9ritif avec d\u00e9gustations, pas d&#x27;un repas<\/li>\n<li>Boissons suppl\u00e9mentaires au-del\u00e0 du verre inclus<\/li>\n<li>Pourboires et d\u00e9penses personnelles<\/li>\n<\/ul>\n<h2>Pour r\u00e9server<\/h2>\n<p>Pour r\u00e9server, veuillez remplir le formulaire de demande ci-dessous en indiquant la date souhait\u00e9e et le nombre de participants.<\/p>\n<h2>Pour demander des personnalisations<\/h2>\n<p>Pour personnaliser l&rsquo;exp\u00e9rience &#8211; autre horaire ou combinaison avec d&rsquo;autres exp\u00e9riences &#8211; utilisez le m\u00eame formulaire.<\/p>\n","protected":false},"excerpt":{"rendered":"<p>Une halte du soir dans les ruelles de la vieille ville, parmi les plats embl\u00e9matiques de la cuisine sanremasque Quand les lumi\u00e8res s&rsquo;allument dans les ruelles de La Pigna et du centre historique, Sanremo se pr\u00e9pare pour l&rsquo;ap\u00e9ritif. Cette exp\u00e9rience permet de d\u00e9couvrir deux plats embl\u00e9matiques de la table locale: la sardenaira, la focaccia sanremasque [&hellip;]<\/p>\n","protected":false},"author":26,"featured_media":0,"comment_status":"closed","ping_status":"closed","sticky":false,"template":"","format":"standard","meta":{"_et_pb_use_builder":"","_et_pb_old_content":"","_et_gb_content_width":"","footnotes":""},"categories":[1020,990],"tags":[],"class_list":["post-18829","post","type-post","status-publish","format-standard","hentry","category-experience-fr","category-riviera-fr"],"yoast_head":"<!-- This site is optimized with the Yoast SEO plugin v28.4 - https:\/\/yoast.com\/product\/yoast-seo-wordpress\/ -->\n<title>Ap\u00e9ritif dans les Carrugi de Sanremo | Sardenaira et Brandacujun<\/title>\n<meta name=\"description\" content=\"Un ap\u00e9ritif du soir dans les ruelles de la vieille ville de Sanremo, avec d\u00e9gustation de sardenaira et de brandacujun, accompagn\u00e9 d&#039;un verre de vin ligure.\" \/>\n<meta name=\"robots\" content=\"index, follow, max-snippet:-1, max-image-preview:large, max-video-preview:-1\" \/>\n<link rel=\"canonical\" href=\"https:\/\/itourriviera.it\/fr\/aperitif-dans-les-carrugi-de-sanremo\/\" \/>\n<meta property=\"og:locale\" content=\"fr_FR\" \/>\n<meta property=\"og:type\" content=\"article\" \/>\n<meta property=\"og:title\" content=\"Ap\u00e9ritif dans les Carrugi de Sanremo | Sardenaira et Brandacujun\" \/>\n<meta property=\"og:description\" content=\"Un ap\u00e9ritif du soir dans les ruelles de la vieille ville de Sanremo, avec d\u00e9gustation de sardenaira et de brandacujun, accompagn\u00e9 d&#039;un verre de vin ligure.\" \/>\n<meta property=\"og:url\" content=\"https:\/\/itourriviera.it\/fr\/aperitif-dans-les-carrugi-de-sanremo\/\" \/>\n<meta property=\"og:site_name\" content=\"iTour RIVIERA D.M.C.\" \/>\n<meta property=\"article:published_time\" content=\"2026-08-25T17:08:32+00:00\" \/>\n<meta name=\"author\" content=\"Claw_zk12\" \/>\n<meta name=\"twitter:card\" content=\"summary_large_image\" \/>\n<meta name=\"twitter:label1\" content=\"\u00c9crit par\" \/>\n\t<meta name=\"twitter:data1\" content=\"Claw_zk12\" \/>\n\t<meta name=\"twitter:label2\" content=\"Dur\u00e9e de lecture estim\u00e9e\" \/>\n\t<meta name=\"twitter:data2\" content=\"1 minute\" \/>\n<script type=\"application\/ld+json\" class=\"yoast-schema-graph\">{\"@context\":\"https:\\\/\\\/schema.org\",\"@graph\":[{\"@type\":\"Article\",\"@id\":\"https:\\\/\\\/itourriviera.it\\\/fr\\\/aperitif-dans-les-carrugi-de-sanremo\\\/#article\",\"isPartOf\":{\"@id\":\"https:\\\/\\\/itourriviera.it\\\/fr\\\/aperitif-dans-les-carrugi-de-sanremo\\\/\"},\"author\":{\"name\":\"Claw_zk12\",\"@id\":\"https:\\\/\\\/itourriviera.it\\\/fr\\\/#\\\/schema\\\/person\\\/2911dc5d45a41bff5558f6321346971e\"},\"headline\":\"Ap\u00e9ritif dans les carrugi de Sanremo: sardenaira et brandacujun\",\"datePublished\":\"2026-08-25T17:08:32+00:00\",\"mainEntityOfPage\":{\"@id\":\"https:\\\/\\\/itourriviera.it\\\/fr\\\/aperitif-dans-les-carrugi-de-sanremo\\\/\"},\"wordCount\":305,\"publisher\":{\"@id\":\"https:\\\/\\\/itourriviera.it\\\/fr\\\/#organization\"},\"articleSection\":[\"Exp\u00e9rience\",\"Riviera\"],\"inLanguage\":\"fr-FR\"},{\"@type\":\"WebPage\",\"@id\":\"https:\\\/\\\/itourriviera.it\\\/fr\\\/aperitif-dans-les-carrugi-de-sanremo\\\/\",\"url\":\"https:\\\/\\\/itourriviera.it\\\/fr\\\/aperitif-dans-les-carrugi-de-sanremo\\\/\",\"name\":\"Ap\u00e9ritif dans les Carrugi de Sanremo | Sardenaira et Brandacujun\",\"isPartOf\":{\"@id\":\"https:\\\/\\\/itourriviera.it\\\/fr\\\/#website\"},\"datePublished\":\"2026-08-25T17:08:32+00:00\",\"description\":\"Un ap\u00e9ritif du soir dans les ruelles de la vieille ville de Sanremo, avec d\u00e9gustation de sardenaira et de brandacujun, accompagn\u00e9 d'un verre de vin ligure.\",\"breadcrumb\":{\"@id\":\"https:\\\/\\\/itourriviera.it\\\/fr\\\/aperitif-dans-les-carrugi-de-sanremo\\\/#breadcrumb\"},\"inLanguage\":\"fr-FR\",\"potentialAction\":[{\"@type\":\"ReadAction\",\"target\":[\"https:\\\/\\\/itourriviera.it\\\/fr\\\/aperitif-dans-les-carrugi-de-sanremo\\\/\"]}]},{\"@type\":\"BreadcrumbList\",\"@id\":\"https:\\\/\\\/itourriviera.it\\\/fr\\\/aperitif-dans-les-carrugi-de-sanremo\\\/#breadcrumb\",\"itemListElement\":[{\"@type\":\"ListItem\",\"position\":1,\"name\":\"Home\",\"item\":\"https:\\\/\\\/itourriviera.it\\\/fr\\\/itour\\\/\"},{\"@type\":\"ListItem\",\"position\":2,\"name\":\"Ap\u00e9ritif dans les carrugi de Sanremo: sardenaira et brandacujun\"}]},{\"@type\":\"WebSite\",\"@id\":\"https:\\\/\\\/itourriviera.it\\\/fr\\\/#website\",\"url\":\"https:\\\/\\\/itourriviera.it\\\/fr\\\/\",\"name\":\"iTour RIVIERA D.M.C.\",\"description\":\"EXPERIENCES ON ITALIAN AND FRENCH RIVIERA\",\"publisher\":{\"@id\":\"https:\\\/\\\/itourriviera.it\\\/fr\\\/#organization\"},\"potentialAction\":[{\"@type\":\"SearchAction\",\"target\":{\"@type\":\"EntryPoint\",\"urlTemplate\":\"https:\\\/\\\/itourriviera.it\\\/fr\\\/?s={search_term_string}\"},\"query-input\":{\"@type\":\"PropertyValueSpecification\",\"valueRequired\":true,\"valueName\":\"search_term_string\"}}],\"inLanguage\":\"fr-FR\"},{\"@type\":\"Organization\",\"@id\":\"https:\\\/\\\/itourriviera.it\\\/fr\\\/#organization\",\"name\":\"iTour RIVIERA D.M.C.\",\"url\":\"https:\\\/\\\/itourriviera.it\\\/fr\\\/\",\"logo\":{\"@type\":\"ImageObject\",\"inLanguage\":\"fr-FR\",\"@id\":\"https:\\\/\\\/itourriviera.it\\\/fr\\\/#\\\/schema\\\/logo\\\/image\\\/\",\"url\":\"https:\\\/\\\/itourriviera.it\\\/wp-content\\\/uploads\\\/2024\\\/12\\\/itourriviera-logo.png\",\"contentUrl\":\"https:\\\/\\\/itourriviera.it\\\/wp-content\\\/uploads\\\/2024\\\/12\\\/itourriviera-logo.png\",\"width\":817,\"height\":80,\"caption\":\"iTour RIVIERA D.M.C.\"},\"image\":{\"@id\":\"https:\\\/\\\/itourriviera.it\\\/fr\\\/#\\\/schema\\\/logo\\\/image\\\/\"}},{\"@type\":\"Person\",\"@id\":\"https:\\\/\\\/itourriviera.it\\\/fr\\\/#\\\/schema\\\/person\\\/2911dc5d45a41bff5558f6321346971e\",\"name\":\"Claw_zk12\",\"image\":{\"@type\":\"ImageObject\",\"inLanguage\":\"fr-FR\",\"@id\":\"https:\\\/\\\/secure.gravatar.com\\\/avatar\\\/2e8ca5fce075dde6330c5c55d1f6627fd35a7fd4c35cf0f5065b503c879b0de0?s=96&d=mm&r=g\",\"url\":\"https:\\\/\\\/secure.gravatar.com\\\/avatar\\\/2e8ca5fce075dde6330c5c55d1f6627fd35a7fd4c35cf0f5065b503c879b0de0?s=96&d=mm&r=g\",\"contentUrl\":\"https:\\\/\\\/secure.gravatar.com\\\/avatar\\\/2e8ca5fce075dde6330c5c55d1f6627fd35a7fd4c35cf0f5065b503c879b0de0?s=96&d=mm&r=g\",\"caption\":\"Claw_zk12\"},\"url\":\"https:\\\/\\\/itourriviera.it\\\/fr\\\/author\\\/claw_zk12\\\/\"}]}<\/script>\n<!-- \/ Yoast SEO plugin. -->","yoast_head_json":{"title":"Ap\u00e9ritif dans les Carrugi de Sanremo | Sardenaira et Brandacujun","description":"Un ap\u00e9ritif du soir dans les ruelles de la vieille ville de Sanremo, avec d\u00e9gustation de sardenaira et de brandacujun, accompagn\u00e9 d'un verre de vin ligure.","robots":{"index":"index","follow":"follow","max-snippet":"max-snippet:-1","max-image-preview":"max-image-preview:large","max-video-preview":"max-video-preview:-1"},"canonical":"https:\/\/itourriviera.it\/fr\/aperitif-dans-les-carrugi-de-sanremo\/","og_locale":"fr_FR","og_type":"article","og_title":"Ap\u00e9ritif dans les Carrugi de Sanremo | Sardenaira et Brandacujun","og_description":"Un ap\u00e9ritif du soir dans les ruelles de la vieille ville de Sanremo, avec d\u00e9gustation de sardenaira et de brandacujun, accompagn\u00e9 d'un verre de vin ligure.","og_url":"https:\/\/itourriviera.it\/fr\/aperitif-dans-les-carrugi-de-sanremo\/","og_site_name":"iTour RIVIERA D.M.C.","article_published_time":"2026-08-25T17:08:32+00:00","author":"Claw_zk12","twitter_card":"summary_large_image","twitter_misc":{"\u00c9crit par":"Claw_zk12","Dur\u00e9e de lecture estim\u00e9e":"1 minute"},"schema":{"@context":"https:\/\/schema.org","@graph":[{"@type":"Article","@id":"https:\/\/itourriviera.it\/fr\/aperitif-dans-les-carrugi-de-sanremo\/#article","isPartOf":{"@id":"https:\/\/itourriviera.it\/fr\/aperitif-dans-les-carrugi-de-sanremo\/"},"author":{"name":"Claw_zk12","@id":"https:\/\/itourriviera.it\/fr\/#\/schema\/person\/2911dc5d45a41bff5558f6321346971e"},"headline":"Ap\u00e9ritif dans les carrugi de Sanremo: sardenaira et brandacujun","datePublished":"2026-08-25T17:08:32+00:00","mainEntityOfPage":{"@id":"https:\/\/itourriviera.it\/fr\/aperitif-dans-les-carrugi-de-sanremo\/"},"wordCount":305,"publisher":{"@id":"https:\/\/itourriviera.it\/fr\/#organization"},"articleSection":["Exp\u00e9rience","Riviera"],"inLanguage":"fr-FR"},{"@type":"WebPage","@id":"https:\/\/itourriviera.it\/fr\/aperitif-dans-les-carrugi-de-sanremo\/","url":"https:\/\/itourriviera.it\/fr\/aperitif-dans-les-carrugi-de-sanremo\/","name":"Ap\u00e9ritif dans les Carrugi de Sanremo | Sardenaira et Brandacujun","isPartOf":{"@id":"https:\/\/itourriviera.it\/fr\/#website"},"datePublished":"2026-08-25T17:08:32+00:00","description":"Un ap\u00e9ritif du soir dans les ruelles de la vieille ville de Sanremo, avec d\u00e9gustation de sardenaira et de brandacujun, accompagn\u00e9 d'un verre de vin ligure.","breadcrumb":{"@id":"https:\/\/itourriviera.it\/fr\/aperitif-dans-les-carrugi-de-sanremo\/#breadcrumb"},"inLanguage":"fr-FR","potentialAction":[{"@type":"ReadAction","target":["https:\/\/itourriviera.it\/fr\/aperitif-dans-les-carrugi-de-sanremo\/"]}]},{"@type":"BreadcrumbList","@id":"https:\/\/itourriviera.it\/fr\/aperitif-dans-les-carrugi-de-sanremo\/#breadcrumb","itemListElement":[{"@type":"ListItem","position":1,"name":"Home","item":"https:\/\/itourriviera.it\/fr\/itour\/"},{"@type":"ListItem","position":2,"name":"Ap\u00e9ritif dans les carrugi de Sanremo: sardenaira et brandacujun"}]},{"@type":"WebSite","@id":"https:\/\/itourriviera.it\/fr\/#website","url":"https:\/\/itourriviera.it\/fr\/","name":"iTour RIVIERA D.M.C.","description":"EXPERIENCES ON ITALIAN AND FRENCH RIVIERA","publisher":{"@id":"https:\/\/itourriviera.it\/fr\/#organization"},"potentialAction":[{"@type":"SearchAction","target":{"@type":"EntryPoint","urlTemplate":"https:\/\/itourriviera.it\/fr\/?s={search_term_string}"},"query-input":{"@type":"PropertyValueSpecification","valueRequired":true,"valueName":"search_term_string"}}],"inLanguage":"fr-FR"},{"@type":"Organization","@id":"https:\/\/itourriviera.it\/fr\/#organization","name":"iTour RIVIERA D.M.C.","url":"https:\/\/itourriviera.it\/fr\/","logo":{"@type":"ImageObject","inLanguage":"fr-FR","@id":"https:\/\/itourriviera.it\/fr\/#\/schema\/logo\/image\/","url":"https:\/\/itourriviera.it\/wp-content\/uploads\/2024\/12\/itourriviera-logo.png","contentUrl":"https:\/\/itourriviera.it\/wp-content\/uploads\/2024\/12\/itourriviera-logo.png","width":817,"height":80,"caption":"iTour RIVIERA D.M.C."},"image":{"@id":"https:\/\/itourriviera.it\/fr\/#\/schema\/logo\/image\/"}},{"@type":"Person","@id":"https:\/\/itourriviera.it\/fr\/#\/schema\/person\/2911dc5d45a41bff5558f6321346971e","name":"Claw_zk12","image":{"@type":"ImageObject","inLanguage":"fr-FR","@id":"https:\/\/secure.gravatar.com\/avatar\/2e8ca5fce075dde6330c5c55d1f6627fd35a7fd4c35cf0f5065b503c879b0de0?s=96&d=mm&r=g","url":"https:\/\/secure.gravatar.com\/avatar\/2e8ca5fce075dde6330c5c55d1f6627fd35a7fd4c35cf0f5065b503c879b0de0?s=96&d=mm&r=g","contentUrl":"https:\/\/secure.gravatar.com\/avatar\/2e8ca5fce075dde6330c5c55d1f6627fd35a7fd4c35cf0f5065b503c879b0de0?s=96&d=mm&r=g","caption":"Claw_zk12"},"url":"https:\/\/itourriviera.it\/fr\/author\/claw_zk12\/"}]}},"_links":{"self":[{"href":"https:\/\/itourriviera.it\/fr\/wp-json\/wp\/v2\/posts\/18829","targetHints":{"allow":["GET"]}}],"collection":[{"href":"https:\/\/itourriviera.it\/fr\/wp-json\/wp\/v2\/posts"}],"about":[{"href":"https:\/\/itourriviera.it\/fr\/wp-json\/wp\/v2\/types\/post"}],"author":[{"embeddable":true,"href":"https:\/\/itourriviera.it\/fr\/wp-json\/wp\/v2\/users\/26"}],"replies":[{"embeddable":true,"href":"https:\/\/itourriviera.it\/fr\/wp-json\/wp\/v2\/comments?post=18829"}],"version-history":[{"count":0,"href":"https:\/\/itourriviera.it\/fr\/wp-json\/wp\/v2\/posts\/18829\/revisions"}],"wp:attachment":[{"href":"https:\/\/itourriviera.it\/fr\/wp-json\/wp\/v2\/media?parent=18829"}],"wp:term":[{"taxonomy":"category","embeddable":true,"href":"https:\/\/itourriviera.it\/fr\/wp-json\/wp\/v2\/categories?post=18829"},{"taxonomy":"post_tag","embeddable":true,"href":"https:\/\/itourriviera.it\/fr\/wp-json\/wp\/v2\/tags?post=18829"}],"curies":[{"name":"wp","href":"https:\/\/api.w.org\/{rel}","templated":true}]}}