{"id":17882,"date":"2024-04-14T09:57:22","date_gmt":"2024-04-14T09:57:22","guid":{"rendered":"https:\/\/beta.itourriviera.it\/jazz-festival-sur-la-cote-dazur\/"},"modified":"2024-05-28T09:17:18","modified_gmt":"2024-05-28T09:17:18","slug":"jazz-festival-sur-la-cote-dazur","status":"publish","type":"post","link":"https:\/\/itourriviera.it\/fr\/jazz-festival-sur-la-cote-dazur\/","title":{"rendered":"Jazz Festival sur la C\u00f4te d\u2019Azur"},"content":{"rendered":"<h2>Ce <strong>forfait de vacances<\/strong> est ax\u00e9 sur le <strong>festival de jazz<\/strong> qui se tient \u00e0<strong> Juan Les Pins<\/strong> et \u00e0 <strong>Nice<\/strong>. Outre la participation au festival, l&rsquo;<strong>agence de voyages<\/strong> organise pour vous des <strong>visites<\/strong> des <strong>destinations touristiques de<\/strong> <strong>la C\u00f4te d<\/strong> &lsquo;Azur telles qu&rsquo;<strong>Antibes<\/strong> et <strong>Monte Carlo<\/strong>, ainsi que des r\u00e9servations d&rsquo;<strong>h\u00f4tels<\/strong> et de <strong>restaurants<\/strong>. Participez \u00e0 ce<strong> voyage<\/strong> exclusif en<strong> groupe organis\u00e9 sur la C\u00f4te d&rsquo;Azur<\/strong>!<\/h2>\n<h2>\n<span id=\"more-71\"><\/span><\/h2>\n<p>&nbsp;<\/p>\n<p>Jour 1: Arriv\u00e9e \u00e0 Nice et apr\u00e8s-midi libre pour vous permettre de d\u00e9couvrir l\u2019\u00e9l\u00e9gante\u00a0<strong>Promenade des Anglais<\/strong>\u00a0et d\u2019admirer les merveilles de la ville. Installation dans les chambres de l\u2019h\u00f4tel et d\u00eener au restaurant de l\u2019h\u00f4tel. En fonction du programme des manifestations, vous aurez ensuite l\u2019opportunit\u00e9 \u00a0d\u2019assister au nombreux\u00a0<strong>spectacles de Jazz<\/strong>\u00a0\u00e0 Juan les Pins ou \u00e0 Nice. \u00a0Retour \u00e0 l\u2019h\u00f4tel pour la nuit.<\/p>\n<p>&nbsp;<\/p>\n<p>Jour 2: L\u2019Hollywood europ\u00e9enne et Antibes<\/p>\n<p>Le matin, une visite de la ville de Cannes, l\u2019Hollywood europ\u00e9enne, est pr\u00e9vue avec une promenade sur la c\u00e9l\u00e8bre Croisette. En vaguant le long des splendides rues du centre ville, vous pourrez vous amusez \u00e0 chercher les 7 peintures concernant le\u00a0<strong>Festival de Cannes,\u00a0<\/strong>\u00e9parse dans divers endroits de la ville.\u00a0\u00a0L\u2019apr\u00e8s-midi, direction\u00a0<strong>Antibes<\/strong>\u00a0avec la visite du caract\u00e9ristique centre historique. Pour les passionn\u00e9s, vous aurez \u00e9galement la possibilit\u00e9 de visiter le mus\u00e9e Picasso. Le soir, les plus grands musiciens Jazz du monde seront de nouveau sur sc\u00e8ne, pr\u00eats \u00e0 vous transmettre leur passion et \u00e0 vous faire passer une agr\u00e9able soir\u00e9e. Ensuite, retour \u00e0 l\u2019h\u00f4tel pour la nuit.<\/p>\n<p>&nbsp;<\/p>\n<p>Jour 3: Entre tradition et luxe<\/p>\n<p>A chaque passage en France, une visite de la luxueuse\u00a0<strong>Principaut\u00e9 de Monaco<\/strong>\u00a0est obligatoire. Son c\u00e9l\u00e8bre Rocher, en plus d\u2019offrir une vue \u00e0 couper le souffle, accueille le c\u00e9l\u00e8bre\u00a0<strong>Mus\u00e9e Oc\u00e9anographique<\/strong>\u00a0et le\u00a0<strong>Palais du Prince<\/strong>\u00a0o\u00f9, peu avant midi, vous pourrez assister au rite du changement de garde. A l\u2019issue de la visite, retour dans votre ville d\u2019origine.<\/p>\n<p>&nbsp;<\/p>\n<p>Nous sommes \u00e0 votre disposition pour r\u00e9server les billets d\u2019entr\u00e9es pour les diff\u00e9rents concerts propos\u00e9s par le Festival, pour chaque cat\u00e9gorie et types de place, en fonction des disponibilit\u00e9s.<\/p>\n<p>&nbsp;<\/p>\n<h4>Notre offre comprend:<\/h4>\n<ul>\n<li>S\u00e9jour en chambre double dans un de nos en h\u00f4tels, en demi-pension<\/li>\n<li>Service de Guide Full Day pour les deuxi\u00e8me et troisi\u00e8me jour<\/li>\n<li>Frais d\u2019agence<\/li>\n<\/ul>\n<div>\u00a0<\/div>\n<h4>\u00a0<\/h4>\n<h4>Notre offre ne comprend pas:<\/h4>\n<ul>\n<li>Le voyage a\/r, les d\u00e9placements vers les lieux indiqu\u00e9s dans le programme et tout ce qui n\u2019est pas indiqu\u00e9 dans la rubrique \u00ab\u00a0notre offre comprend\u00a0\u00bb<\/li>\n<li>Les repas varient en fonction du menu du jour ou du menu d\u00e9gustation propos\u00e9 par le chef. Les boissons et consommations \u00e0 la carte doivent \u00eatre r\u00e9gl\u00e9es sur place.<\/li>\n<li>Les visites propos\u00e9es dans le programme sont libres, c\u2019est \u00e0 dire sans accompagnateur<\/li>\n<\/ul>\n","protected":false},"excerpt":{"rendered":"<p>Cette formule de vacances met l&rsquo;accent sur le festival de jazz qui se tient \u00e0 Juan Les Pins et \u00e0 Nice.<\/p>\n","protected":false},"author":24,"featured_media":17762,"comment_status":"closed","ping_status":"open","sticky":false,"template":"","format":"standard","meta":{"_acf_changed":false,"_et_pb_use_builder":"","_et_pb_old_content":"","_et_gb_content_width":"","footnotes":""},"categories":[981],"tags":[],"class_list":["post-17882","post","type-post","status-publish","format-standard","has-post-thumbnail","hentry","category-france-fr"],"acf":[],"psp_head":"<title>Jazz Festival sur la C\u00f4te d\u2019Azur \u2013 itour RIVIERA |  ITALIAN AND FRENCH RIVIERA DAY TOURS<\/title>\r\n<meta name=\"description\" content=\"Ce forfait de vacances est ax\u00e9 sur le festival de jazz qui se tient \u00e0 Juan Les Pins et \u00e0 Nice. Outre la participation au festival, l&#039;agence de voyages organise pour vous des visites des destinations touristiques de la C\u00f4te d &#039;Azur telles qu&#039;Antibes et Monte Carlo, ainsi que des r\u00e9servations d&#039;h\u00f4tels et de restaurants.\" \/>\r\n<meta name=\"robots\" content=\"index,follow\" \/>\r\n<link rel=\"canonical\" href=\"https:\/\/itourriviera.it\/fr\/jazz-festival-sur-la-cote-dazur\/\" \/>\r\n","_links":{"self":[{"href":"https:\/\/itourriviera.it\/fr\/wp-json\/wp\/v2\/posts\/17882","targetHints":{"allow":["GET"]}}],"collection":[{"href":"https:\/\/itourriviera.it\/fr\/wp-json\/wp\/v2\/posts"}],"about":[{"href":"https:\/\/itourriviera.it\/fr\/wp-json\/wp\/v2\/types\/post"}],"author":[{"embeddable":true,"href":"https:\/\/itourriviera.it\/fr\/wp-json\/wp\/v2\/users\/24"}],"replies":[{"embeddable":true,"href":"https:\/\/itourriviera.it\/fr\/wp-json\/wp\/v2\/comments?post=17882"}],"version-history":[{"count":1,"href":"https:\/\/itourriviera.it\/fr\/wp-json\/wp\/v2\/posts\/17882\/revisions"}],"predecessor-version":[{"id":17951,"href":"https:\/\/itourriviera.it\/fr\/wp-json\/wp\/v2\/posts\/17882\/revisions\/17951"}],"wp:featuredmedia":[{"embeddable":true,"href":"https:\/\/itourriviera.it\/fr\/wp-json\/wp\/v2\/media\/17762"}],"wp:attachment":[{"href":"https:\/\/itourriviera.it\/fr\/wp-json\/wp\/v2\/media?parent=17882"}],"wp:term":[{"taxonomy":"category","embeddable":true,"href":"https:\/\/itourriviera.it\/fr\/wp-json\/wp\/v2\/categories?post=17882"},{"taxonomy":"post_tag","embeddable":true,"href":"https:\/\/itourriviera.it\/fr\/wp-json\/wp\/v2\/tags?post=17882"}],"curies":[{"name":"wp","href":"https:\/\/api.w.org\/{rel}","templated":true}]}}