{"id":17881,"date":"2024-04-14T09:55:09","date_gmt":"2024-04-14T09:55:09","guid":{"rendered":"https:\/\/beta.itourriviera.it\/carnaval-en-cote-dazur\/"},"modified":"2026-08-17T13:44:49","modified_gmt":"2026-08-17T13:44:49","slug":"carnaval-en-cote-dazur","status":"publish","type":"post","link":"https:\/\/itourriviera.it\/fr\/carnaval-en-cote-dazur\/","title":{"rendered":"Carnaval en C\u00f4te d\u2019Azur"},"content":{"rendered":"<h2>Cette <strong>formule de vacances<\/strong> vous offre une fa\u00e7on originale et amusante de c\u00e9l\u00e9brer le <strong>carnaval<\/strong>. Il s&rsquo;agit d&rsquo;un <strong>voyage organis\u00e9<\/strong> pour <strong>des groupes<\/strong> qui vous emm\u00e8ne aux <strong>\u00e9v\u00e9nements<\/strong> les plus int\u00e9ressants de la <strong>C\u00f4te d&rsquo;Azur<\/strong>: le <strong>Carnaval de Nice<\/strong> et la <strong>F\u00eate du Citron \u00e0 Menton<\/strong>. Le <strong>forfait<\/strong> comprend \u00e9galement l&rsquo;h\u00e9bergement \u00e0 <strong>l&rsquo;h\u00f4tel<\/strong> et les d\u00eeners dans les meilleurs <strong>restaurants<\/strong> locaux.<\/h2>\n<h2>\n<span id=\"more-67\"><\/span><\/h2>\n<p>&nbsp;<\/p>\n<p>1\u00b0 jour:<\/p>\n<p>Arriv\u00e9e pr\u00e9vue l\u2019apr\u00e8s-midi et installation dans les chambres de l\u2019h\u00f4tel. D\u00eener au restaurant de l\u2019h\u00f4tel et soir\u00e9e libre.<\/p>\n<p>&nbsp;<\/p>\n<p>2\u00b0 jour: Nice enti\u00e8rement d\u00e9guis\u00e9e!<\/p>\n<p>Le matin, vous ne pourrez pas manquer la visite de la c\u00e9l\u00e8bre\u00a0<strong>Promenade\u00a0des Anglais<\/strong>\u00a0et du \u201cCorso Saleya\u201d le temps d\u2019une agr\u00e9able promenade entre les boutiques les plus chics et les bistrots les plus typiques. L\u2019apr\u00e8s-midi, vous assisterez au d\u00e9fil\u00e9 haut en couleurs du<strong>\u00a0Carnaval de Nice<\/strong>: une enthousiasmante parade de chars all\u00e9goriques et de groupes folkloriques.<\/p>\n<p>&nbsp;<\/p>\n<p>3\u00b0 jour: Menton et la fable des agrumes!<\/p>\n<p>Le matin, d\u00e9part pour\u00a0<strong>Menton<\/strong>, la ville des citrons. Le long des\u00a0<strong>Jardins Biov\u00e9s<\/strong>, des structures de dimensions \u00e9normes couvertes d\u2019agrumes illustrent en une douzaine de s\u00e9quences une histoire qui chaque ann\u00e9e se r\u00e9p\u00e8te. D\u00e9jeuner libre. L\u2019apr\u00e8s-midi, beaut\u00e9 et spectacle vous attendent avec la grande parade de la<strong>\u00a0F\u00eate des Citrons<\/strong>\u00a0o\u00f9 les chars all\u00e9goriques r\u00e9alis\u00e9s avec les agrumes d\u00e9filent le long du bord de mer de la ville fran\u00e7aise, accompagn\u00e9s de musiciens et de groupes folkloriques. A la fin de la visite, retour dans votre ville.<\/p>\n<p>&nbsp;<\/p>\n<h4>Notre offre comprend:<\/h4>\n<ul>\n<li>S\u00e9jour dans un de nos h\u00f4tels en chambre doubles, en demi-pension<\/li>\n<li>Acc\u00e8s au Carnaval de Nice<\/li>\n<li>Acc\u00e8s \u00e0 la F\u00eate des Citrons<\/li>\n<li>Service de Guide Demie-Journ\u00e9e pour la visite de Nice<\/li>\n<li>Entr\u00e9e au Casino Municipal avec fiches offertes<\/li>\n<li>Frais d\u2019agence<\/li>\n<\/ul>\n<p>&nbsp;<\/p>\n<h4>Notre offre ne comprend pas:<\/h4>\n<ul>\n<li>Le voyage a\/r, les d\u00e9placements vers les lieux indiqu\u00e9s dans le programme et tout ce qui n\u2019est pas indiqu\u00e9 dans la rubrique \u00ab\u00a0notre offre comprend\u00a0\u00bb.<\/li>\n<li>Les repas varient en fonction du menu du jour ou du menu d\u00e9gustation propos\u00e9 par le chef. Les boissons et consommations \u00e0 la carte doivent \u00eatre r\u00e9gl\u00e9es sur place.<\/li>\n<li>Les visites propos\u00e9es dans le programme sont libres, c\u2019est \u00e0 dire sans accompagnateur.<\/li>\n<\/ul>\n","protected":false},"excerpt":{"rendered":"<p>Cette formule de vacances vous propose une fa\u00e7on originale et amusante de c\u00e9l\u00e9brer le carnaval. Il s&rsquo;agit d&rsquo;un voyage organis\u00e9 pour les groupes qui vous emm\u00e8ne aux \u00e9v\u00e9nements les plus int\u00e9ressants de la C\u00f4te d&rsquo;Azur : le Carnaval de Nice et la F\u00eate du Citron de Menton.<\/p>\n","protected":false},"author":24,"featured_media":17769,"comment_status":"closed","ping_status":"closed","sticky":false,"template":"","format":"standard","meta":{"_et_pb_use_builder":"","_et_pb_old_content":"","_et_gb_content_width":"","footnotes":""},"categories":[981],"tags":[],"class_list":["post-17881","post","type-post","status-publish","format-standard","has-post-thumbnail","hentry","category-france-fr"],"yoast_head":"<!-- This site is optimized with the Yoast SEO plugin v28.3 - https:\/\/yoast.com\/product\/yoast-seo-wordpress\/ -->\n<title>Carnaval en C\u00f4te d\u2019Azur | iTour Riviera<\/title>\n<meta name=\"description\" content=\"Cette formule de vacances vous offre une fa\u00e7on originale et amusante de c\u00e9l\u00e9brer le carnaval . Il s\u2019agit d\u2019un voyage organis\u00e9 pour des groupes qui vous\" \/>\n<meta name=\"robots\" content=\"index, follow, max-snippet:-1, max-image-preview:large, max-video-preview:-1\" \/>\n<link rel=\"canonical\" href=\"https:\/\/itourriviera.it\/fr\/carnaval-en-cote-dazur\/\" \/>\n<meta property=\"og:locale\" content=\"fr_FR\" \/>\n<meta property=\"og:type\" content=\"article\" \/>\n<meta property=\"og:title\" content=\"Carnaval en C\u00f4te d\u2019Azur | iTour Riviera\" \/>\n<meta property=\"og:description\" content=\"Cette formule de vacances vous offre une fa\u00e7on originale et amusante de c\u00e9l\u00e9brer le carnaval . Il s\u2019agit d\u2019un voyage organis\u00e9 pour des groupes qui vous\" \/>\n<meta property=\"og:url\" content=\"https:\/\/itourriviera.it\/fr\/carnaval-en-cote-dazur\/\" \/>\n<meta property=\"og:site_name\" content=\"iTour RIVIERA D.M.C.\" \/>\n<meta property=\"article:published_time\" content=\"2024-04-14T09:55:09+00:00\" \/>\n<meta property=\"article:modified_time\" content=\"2026-08-17T13:44:49+00:00\" \/>\n<meta property=\"og:image\" content=\"https:\/\/itourriviera.it\/wp-content\/uploads\/2023\/09\/CARNAVAL_2011_BATAIL_1.jpg\" \/>\n\t<meta property=\"og:image:width\" content=\"800\" \/>\n\t<meta property=\"og:image:height\" content=\"532\" \/>\n\t<meta property=\"og:image:type\" content=\"image\/jpeg\" \/>\n<meta name=\"author\" content=\"Martina\" \/>\n<meta name=\"twitter:card\" content=\"summary_large_image\" \/>\n<meta name=\"twitter:label1\" content=\"\u00c9crit par\" \/>\n\t<meta name=\"twitter:data1\" content=\"Martina\" \/>\n\t<meta name=\"twitter:label2\" content=\"Dur\u00e9e de lecture estim\u00e9e\" \/>\n\t<meta name=\"twitter:data2\" content=\"2 minutes\" \/>\n<script type=\"application\/ld+json\" class=\"yoast-schema-graph\">{\"@context\":\"https:\\\/\\\/schema.org\",\"@graph\":[{\"@type\":\"Article\",\"@id\":\"https:\\\/\\\/itourriviera.it\\\/fr\\\/carnaval-en-cote-dazur\\\/#article\",\"isPartOf\":{\"@id\":\"https:\\\/\\\/itourriviera.it\\\/fr\\\/carnaval-en-cote-dazur\\\/\"},\"author\":{\"name\":\"Martina\",\"@id\":\"https:\\\/\\\/itourriviera.it\\\/fr\\\/#\\\/schema\\\/person\\\/c29679731e988fef85252f4b6c1024b6\"},\"headline\":\"Carnaval en C\u00f4te d\u2019Azur\",\"datePublished\":\"2024-04-14T09:55:09+00:00\",\"dateModified\":\"2026-08-17T13:44:49+00:00\",\"mainEntityOfPage\":{\"@id\":\"https:\\\/\\\/itourriviera.it\\\/fr\\\/carnaval-en-cote-dazur\\\/\"},\"wordCount\":428,\"publisher\":{\"@id\":\"https:\\\/\\\/itourriviera.it\\\/fr\\\/#organization\"},\"image\":{\"@id\":\"https:\\\/\\\/itourriviera.it\\\/fr\\\/carnaval-en-cote-dazur\\\/#primaryimage\"},\"thumbnailUrl\":\"https:\\\/\\\/itourriviera.it\\\/wp-content\\\/uploads\\\/2023\\\/09\\\/CARNAVAL_2011_BATAIL_1.jpg\",\"articleSection\":[\"France\"],\"inLanguage\":\"fr-FR\"},{\"@type\":\"WebPage\",\"@id\":\"https:\\\/\\\/itourriviera.it\\\/fr\\\/carnaval-en-cote-dazur\\\/\",\"url\":\"https:\\\/\\\/itourriviera.it\\\/fr\\\/carnaval-en-cote-dazur\\\/\",\"name\":\"Carnaval en C\u00f4te d\u2019Azur | iTour Riviera\",\"isPartOf\":{\"@id\":\"https:\\\/\\\/itourriviera.it\\\/fr\\\/#website\"},\"primaryImageOfPage\":{\"@id\":\"https:\\\/\\\/itourriviera.it\\\/fr\\\/carnaval-en-cote-dazur\\\/#primaryimage\"},\"image\":{\"@id\":\"https:\\\/\\\/itourriviera.it\\\/fr\\\/carnaval-en-cote-dazur\\\/#primaryimage\"},\"thumbnailUrl\":\"https:\\\/\\\/itourriviera.it\\\/wp-content\\\/uploads\\\/2023\\\/09\\\/CARNAVAL_2011_BATAIL_1.jpg\",\"datePublished\":\"2024-04-14T09:55:09+00:00\",\"dateModified\":\"2026-08-17T13:44:49+00:00\",\"description\":\"Cette formule de vacances vous offre une fa\u00e7on originale et amusante de c\u00e9l\u00e9brer le carnaval . Il s\u2019agit d\u2019un voyage organis\u00e9 pour des groupes qui vous\",\"breadcrumb\":{\"@id\":\"https:\\\/\\\/itourriviera.it\\\/fr\\\/carnaval-en-cote-dazur\\\/#breadcrumb\"},\"inLanguage\":\"fr-FR\",\"potentialAction\":[{\"@type\":\"ReadAction\",\"target\":[\"https:\\\/\\\/itourriviera.it\\\/fr\\\/carnaval-en-cote-dazur\\\/\"]}]},{\"@type\":\"ImageObject\",\"inLanguage\":\"fr-FR\",\"@id\":\"https:\\\/\\\/itourriviera.it\\\/fr\\\/carnaval-en-cote-dazur\\\/#primaryimage\",\"url\":\"https:\\\/\\\/itourriviera.it\\\/wp-content\\\/uploads\\\/2023\\\/09\\\/CARNAVAL_2011_BATAIL_1.jpg\",\"contentUrl\":\"https:\\\/\\\/itourriviera.it\\\/wp-content\\\/uploads\\\/2023\\\/09\\\/CARNAVAL_2011_BATAIL_1.jpg\",\"width\":800,\"height\":532,\"caption\":\"Carnevale in Costa Azzurra\"},{\"@type\":\"BreadcrumbList\",\"@id\":\"https:\\\/\\\/itourriviera.it\\\/fr\\\/carnaval-en-cote-dazur\\\/#breadcrumb\",\"itemListElement\":[{\"@type\":\"ListItem\",\"position\":1,\"name\":\"Home\",\"item\":\"https:\\\/\\\/itourriviera.it\\\/fr\\\/itour\\\/\"},{\"@type\":\"ListItem\",\"position\":2,\"name\":\"Carnaval en C\u00f4te d\u2019Azur\"}]},{\"@type\":\"WebSite\",\"@id\":\"https:\\\/\\\/itourriviera.it\\\/fr\\\/#website\",\"url\":\"https:\\\/\\\/itourriviera.it\\\/fr\\\/\",\"name\":\"iTour RIVIERA D.M.C.\",\"description\":\"EXPERIENCES ON ITALIAN AND FRENCH RIVIERA\",\"publisher\":{\"@id\":\"https:\\\/\\\/itourriviera.it\\\/fr\\\/#organization\"},\"potentialAction\":[{\"@type\":\"SearchAction\",\"target\":{\"@type\":\"EntryPoint\",\"urlTemplate\":\"https:\\\/\\\/itourriviera.it\\\/fr\\\/?s={search_term_string}\"},\"query-input\":{\"@type\":\"PropertyValueSpecification\",\"valueRequired\":true,\"valueName\":\"search_term_string\"}}],\"inLanguage\":\"fr-FR\"},{\"@type\":\"Organization\",\"@id\":\"https:\\\/\\\/itourriviera.it\\\/fr\\\/#organization\",\"name\":\"iTour RIVIERA D.M.C.\",\"url\":\"https:\\\/\\\/itourriviera.it\\\/fr\\\/\",\"logo\":{\"@type\":\"ImageObject\",\"inLanguage\":\"fr-FR\",\"@id\":\"https:\\\/\\\/itourriviera.it\\\/fr\\\/#\\\/schema\\\/logo\\\/image\\\/\",\"url\":\"https:\\\/\\\/itourriviera.it\\\/wp-content\\\/uploads\\\/2024\\\/12\\\/itourriviera-logo.png\",\"contentUrl\":\"https:\\\/\\\/itourriviera.it\\\/wp-content\\\/uploads\\\/2024\\\/12\\\/itourriviera-logo.png\",\"width\":817,\"height\":80,\"caption\":\"iTour RIVIERA D.M.C.\"},\"image\":{\"@id\":\"https:\\\/\\\/itourriviera.it\\\/fr\\\/#\\\/schema\\\/logo\\\/image\\\/\"}},{\"@type\":\"Person\",\"@id\":\"https:\\\/\\\/itourriviera.it\\\/fr\\\/#\\\/schema\\\/person\\\/c29679731e988fef85252f4b6c1024b6\",\"name\":\"Martina\",\"image\":{\"@type\":\"ImageObject\",\"inLanguage\":\"fr-FR\",\"@id\":\"https:\\\/\\\/secure.gravatar.com\\\/avatar\\\/4333b8449bd977db86084aee5156f88a9592fc2430e1f8f8ef1002b288f29468?s=96&d=mm&r=g\",\"url\":\"https:\\\/\\\/secure.gravatar.com\\\/avatar\\\/4333b8449bd977db86084aee5156f88a9592fc2430e1f8f8ef1002b288f29468?s=96&d=mm&r=g\",\"contentUrl\":\"https:\\\/\\\/secure.gravatar.com\\\/avatar\\\/4333b8449bd977db86084aee5156f88a9592fc2430e1f8f8ef1002b288f29468?s=96&d=mm&r=g\",\"caption\":\"Martina\"},\"url\":\"https:\\\/\\\/itourriviera.it\\\/fr\\\/author\\\/martina\\\/\"}]}<\/script>\n<!-- \/ Yoast SEO plugin. -->","yoast_head_json":{"title":"Carnaval en C\u00f4te d\u2019Azur | iTour Riviera","description":"Cette formule de vacances vous offre une fa\u00e7on originale et amusante de c\u00e9l\u00e9brer le carnaval . Il s\u2019agit d\u2019un voyage organis\u00e9 pour des groupes qui vous","robots":{"index":"index","follow":"follow","max-snippet":"max-snippet:-1","max-image-preview":"max-image-preview:large","max-video-preview":"max-video-preview:-1"},"canonical":"https:\/\/itourriviera.it\/fr\/carnaval-en-cote-dazur\/","og_locale":"fr_FR","og_type":"article","og_title":"Carnaval en C\u00f4te d\u2019Azur | iTour Riviera","og_description":"Cette formule de vacances vous offre une fa\u00e7on originale et amusante de c\u00e9l\u00e9brer le carnaval . Il s\u2019agit d\u2019un voyage organis\u00e9 pour des groupes qui vous","og_url":"https:\/\/itourriviera.it\/fr\/carnaval-en-cote-dazur\/","og_site_name":"iTour RIVIERA D.M.C.","article_published_time":"2024-04-14T09:55:09+00:00","article_modified_time":"2026-08-17T13:44:49+00:00","og_image":[{"width":800,"height":532,"url":"https:\/\/itourriviera.it\/wp-content\/uploads\/2023\/09\/CARNAVAL_2011_BATAIL_1.jpg","type":"image\/jpeg"}],"author":"Martina","twitter_card":"summary_large_image","twitter_misc":{"\u00c9crit par":"Martina","Dur\u00e9e de lecture estim\u00e9e":"2 minutes"},"schema":{"@context":"https:\/\/schema.org","@graph":[{"@type":"Article","@id":"https:\/\/itourriviera.it\/fr\/carnaval-en-cote-dazur\/#article","isPartOf":{"@id":"https:\/\/itourriviera.it\/fr\/carnaval-en-cote-dazur\/"},"author":{"name":"Martina","@id":"https:\/\/itourriviera.it\/fr\/#\/schema\/person\/c29679731e988fef85252f4b6c1024b6"},"headline":"Carnaval en C\u00f4te d\u2019Azur","datePublished":"2024-04-14T09:55:09+00:00","dateModified":"2026-08-17T13:44:49+00:00","mainEntityOfPage":{"@id":"https:\/\/itourriviera.it\/fr\/carnaval-en-cote-dazur\/"},"wordCount":428,"publisher":{"@id":"https:\/\/itourriviera.it\/fr\/#organization"},"image":{"@id":"https:\/\/itourriviera.it\/fr\/carnaval-en-cote-dazur\/#primaryimage"},"thumbnailUrl":"https:\/\/itourriviera.it\/wp-content\/uploads\/2023\/09\/CARNAVAL_2011_BATAIL_1.jpg","articleSection":["France"],"inLanguage":"fr-FR"},{"@type":"WebPage","@id":"https:\/\/itourriviera.it\/fr\/carnaval-en-cote-dazur\/","url":"https:\/\/itourriviera.it\/fr\/carnaval-en-cote-dazur\/","name":"Carnaval en C\u00f4te d\u2019Azur | iTour Riviera","isPartOf":{"@id":"https:\/\/itourriviera.it\/fr\/#website"},"primaryImageOfPage":{"@id":"https:\/\/itourriviera.it\/fr\/carnaval-en-cote-dazur\/#primaryimage"},"image":{"@id":"https:\/\/itourriviera.it\/fr\/carnaval-en-cote-dazur\/#primaryimage"},"thumbnailUrl":"https:\/\/itourriviera.it\/wp-content\/uploads\/2023\/09\/CARNAVAL_2011_BATAIL_1.jpg","datePublished":"2024-04-14T09:55:09+00:00","dateModified":"2026-08-17T13:44:49+00:00","description":"Cette formule de vacances vous offre une fa\u00e7on originale et amusante de c\u00e9l\u00e9brer le carnaval . Il s\u2019agit d\u2019un voyage organis\u00e9 pour des groupes qui vous","breadcrumb":{"@id":"https:\/\/itourriviera.it\/fr\/carnaval-en-cote-dazur\/#breadcrumb"},"inLanguage":"fr-FR","potentialAction":[{"@type":"ReadAction","target":["https:\/\/itourriviera.it\/fr\/carnaval-en-cote-dazur\/"]}]},{"@type":"ImageObject","inLanguage":"fr-FR","@id":"https:\/\/itourriviera.it\/fr\/carnaval-en-cote-dazur\/#primaryimage","url":"https:\/\/itourriviera.it\/wp-content\/uploads\/2023\/09\/CARNAVAL_2011_BATAIL_1.jpg","contentUrl":"https:\/\/itourriviera.it\/wp-content\/uploads\/2023\/09\/CARNAVAL_2011_BATAIL_1.jpg","width":800,"height":532,"caption":"Carnevale in Costa Azzurra"},{"@type":"BreadcrumbList","@id":"https:\/\/itourriviera.it\/fr\/carnaval-en-cote-dazur\/#breadcrumb","itemListElement":[{"@type":"ListItem","position":1,"name":"Home","item":"https:\/\/itourriviera.it\/fr\/itour\/"},{"@type":"ListItem","position":2,"name":"Carnaval en C\u00f4te d\u2019Azur"}]},{"@type":"WebSite","@id":"https:\/\/itourriviera.it\/fr\/#website","url":"https:\/\/itourriviera.it\/fr\/","name":"iTour RIVIERA D.M.C.","description":"EXPERIENCES ON ITALIAN AND FRENCH RIVIERA","publisher":{"@id":"https:\/\/itourriviera.it\/fr\/#organization"},"potentialAction":[{"@type":"SearchAction","target":{"@type":"EntryPoint","urlTemplate":"https:\/\/itourriviera.it\/fr\/?s={search_term_string}"},"query-input":{"@type":"PropertyValueSpecification","valueRequired":true,"valueName":"search_term_string"}}],"inLanguage":"fr-FR"},{"@type":"Organization","@id":"https:\/\/itourriviera.it\/fr\/#organization","name":"iTour RIVIERA D.M.C.","url":"https:\/\/itourriviera.it\/fr\/","logo":{"@type":"ImageObject","inLanguage":"fr-FR","@id":"https:\/\/itourriviera.it\/fr\/#\/schema\/logo\/image\/","url":"https:\/\/itourriviera.it\/wp-content\/uploads\/2024\/12\/itourriviera-logo.png","contentUrl":"https:\/\/itourriviera.it\/wp-content\/uploads\/2024\/12\/itourriviera-logo.png","width":817,"height":80,"caption":"iTour RIVIERA D.M.C."},"image":{"@id":"https:\/\/itourriviera.it\/fr\/#\/schema\/logo\/image\/"}},{"@type":"Person","@id":"https:\/\/itourriviera.it\/fr\/#\/schema\/person\/c29679731e988fef85252f4b6c1024b6","name":"Martina","image":{"@type":"ImageObject","inLanguage":"fr-FR","@id":"https:\/\/secure.gravatar.com\/avatar\/4333b8449bd977db86084aee5156f88a9592fc2430e1f8f8ef1002b288f29468?s=96&d=mm&r=g","url":"https:\/\/secure.gravatar.com\/avatar\/4333b8449bd977db86084aee5156f88a9592fc2430e1f8f8ef1002b288f29468?s=96&d=mm&r=g","contentUrl":"https:\/\/secure.gravatar.com\/avatar\/4333b8449bd977db86084aee5156f88a9592fc2430e1f8f8ef1002b288f29468?s=96&d=mm&r=g","caption":"Martina"},"url":"https:\/\/itourriviera.it\/fr\/author\/martina\/"}]}},"_links":{"self":[{"href":"https:\/\/itourriviera.it\/fr\/wp-json\/wp\/v2\/posts\/17881","targetHints":{"allow":["GET"]}}],"collection":[{"href":"https:\/\/itourriviera.it\/fr\/wp-json\/wp\/v2\/posts"}],"about":[{"href":"https:\/\/itourriviera.it\/fr\/wp-json\/wp\/v2\/types\/post"}],"author":[{"embeddable":true,"href":"https:\/\/itourriviera.it\/fr\/wp-json\/wp\/v2\/users\/24"}],"replies":[{"embeddable":true,"href":"https:\/\/itourriviera.it\/fr\/wp-json\/wp\/v2\/comments?post=17881"}],"version-history":[{"count":1,"href":"https:\/\/itourriviera.it\/fr\/wp-json\/wp\/v2\/posts\/17881\/revisions"}],"predecessor-version":[{"id":17952,"href":"https:\/\/itourriviera.it\/fr\/wp-json\/wp\/v2\/posts\/17881\/revisions\/17952"}],"wp:featuredmedia":[{"embeddable":true,"href":"https:\/\/itourriviera.it\/fr\/wp-json\/wp\/v2\/media\/17769"}],"wp:attachment":[{"href":"https:\/\/itourriviera.it\/fr\/wp-json\/wp\/v2\/media?parent=17881"}],"wp:term":[{"taxonomy":"category","embeddable":true,"href":"https:\/\/itourriviera.it\/fr\/wp-json\/wp\/v2\/categories?post=17881"},{"taxonomy":"post_tag","embeddable":true,"href":"https:\/\/itourriviera.it\/fr\/wp-json\/wp\/v2\/tags?post=17881"}],"curies":[{"name":"wp","href":"https:\/\/api.w.org\/{rel}","templated":true}]}}