{"id":1778,"date":"2011-12-04T11:34:47","date_gmt":"2011-12-04T11:34:47","guid":{"rendered":"http:\/\/www.nyalatravel.com\/wordpress\/?p=1778"},"modified":"2013-07-14T07:11:04","modified_gmt":"2013-07-14T07:11:04","slug":"week-end-a-san-remo-en-ligurie-et-sur-la-cote-dazur-3","status":"publish","type":"post","link":"https:\/\/itourriviera.it\/fr\/week-end-a-san-remo-en-ligurie-et-sur-la-cote-dazur-3\/","title":{"rendered":"Week-end \u00e0 San Remo en Ligurie et sur la C\u00f4te d&rsquo;Azur"},"content":{"rendered":"<h4><!--more--><\/h4>\n<p>Passer ses vacances \u00e0 San Remo c&rsquo;est plonger au c\u0153ur du centre touristique le plus c\u00e9l\u00e8bre et le plus important de M\u00e9diterran\u00e9e. \u00c0 cheval entre la Riviera Ligure et la C\u00f4te d\u2019Azur, il couvre des localit\u00e9s comme les Cinque Terre, Portofino, Alassio, San Remo, Monte-Carlo, Nice, Cannes et Saint Tropez.<\/p>\n<p>Notre agence de voyage vous propose une palette de\u00a0<strong>programmes week-end<\/strong>\u00a0qui vous permettront d&rsquo;appr\u00e9cier les nombreux attraits et l\u2019hospitalit\u00e9 de notre territoire.<\/p>\n<p>Ces week-ends\u00a0<strong>peuvent \u00eatre personnalis\u00e9es et s\u2019adapter \u00e0 vos attentes<\/strong>, pr\u00e9voir ou non le transport, \u00eatre con\u00e7ues pour une client\u00e8le individuelle comme pour groupes.<\/p>\n<p>N\u2019h\u00e9sitez pas \u00e0 nous contacter pour nous demander des informations.<\/p>\n","protected":false},"excerpt":{"rendered":"","protected":false},"author":1,"featured_media":0,"comment_status":"closed","ping_status":"open","sticky":false,"template":"","format":"standard","meta":{"_acf_changed":false,"_et_pb_use_builder":"","_et_pb_old_content":"","_et_gb_content_width":"","footnotes":""},"categories":[4],"tags":[],"class_list":["post-1778","post","type-post","status-publish","format-standard","hentry","category-sans-categorie"],"acf":[],"psp_head":"<title>WEEK-END A SAN REMO LIGURIE \u2013 itour RIVIERA |  ITALIAN AND FRENCH RIVIERA DAY TOURS<\/title>\r\n<meta name=\"description\" content=\"D\u00e9couvrez la Ligurie et la C\u00f4te d&#039;Azur \u00e0 partir de San Remo avec nos programmes week-end.\" \/>\r\n<meta name=\"robots\" content=\"index,follow\" \/>\r\n<link rel=\"canonical\" href=\"https:\/\/itourriviera.it\/fr\/week-end-a-san-remo-en-ligurie-et-sur-la-cote-dazur-3\/\" \/>\r\n","_links":{"self":[{"href":"https:\/\/itourriviera.it\/fr\/wp-json\/wp\/v2\/posts\/1778","targetHints":{"allow":["GET"]}}],"collection":[{"href":"https:\/\/itourriviera.it\/fr\/wp-json\/wp\/v2\/posts"}],"about":[{"href":"https:\/\/itourriviera.it\/fr\/wp-json\/wp\/v2\/types\/post"}],"author":[{"embeddable":true,"href":"https:\/\/itourriviera.it\/fr\/wp-json\/wp\/v2\/users\/1"}],"replies":[{"embeddable":true,"href":"https:\/\/itourriviera.it\/fr\/wp-json\/wp\/v2\/comments?post=1778"}],"version-history":[{"count":6,"href":"https:\/\/itourriviera.it\/fr\/wp-json\/wp\/v2\/posts\/1778\/revisions"}],"predecessor-version":[{"id":5914,"href":"https:\/\/itourriviera.it\/fr\/wp-json\/wp\/v2\/posts\/1778\/revisions\/5914"}],"wp:attachment":[{"href":"https:\/\/itourriviera.it\/fr\/wp-json\/wp\/v2\/media?parent=1778"}],"wp:term":[{"taxonomy":"category","embeddable":true,"href":"https:\/\/itourriviera.it\/fr\/wp-json\/wp\/v2\/categories?post=1778"},{"taxonomy":"post_tag","embeddable":true,"href":"https:\/\/itourriviera.it\/fr\/wp-json\/wp\/v2\/tags?post=1778"}],"curies":[{"name":"wp","href":"https:\/\/api.w.org\/{rel}","templated":true}]}}