{"id":6317,"date":"2013-08-05T18:18:34","date_gmt":"2013-08-05T18:18:34","guid":{"rendered":"https:\/\/itourriviera.it\/?p=6317"},"modified":"2024-05-29T08:29:36","modified_gmt":"2024-05-29T08:29:36","slug":"ausflug-alpha-wolfspark","status":"publish","type":"post","link":"https:\/\/itourriviera.it\/de\/ausflug-alpha-wolfspark\/","title":{"rendered":"Ausflug: Alpha Wolfspark"},"content":{"rendered":"<h3>Alpha ist ein Naturpark inmitten des franz\u00f6sischen Nationalparks &#8222;Mercantour&#8220; und das zuhause mehrerer verschiedender Wolfrudel. <!--more--><\/h3>\n<p>https:\/\/www.youtube.com\/watch?v=UBQj2Ej6Egw<\/p>\n<p>AUSFLUGSPROGRAMM<\/p>\n<ul>\n<li><img loading=\"lazy\" decoding=\"async\" class=\"alignright\" src=\"https:\/\/itourriviera.it\/wp-content\/uploads\/2011\/11\/bambini.png\" alt=\"Escursioni per i bambini\" width=\"175\" height=\"85\" \/>Transfer von San Remo nach St. Martin Vesubie (110 km &#8211; ca. 1 Std. 30 Min.) zum\u00a0 Mercantour Naturpark.<\/li>\n<li>Besuch des <span style=\"font-size: medium;\"><strong>Alpha <\/strong><span style=\"font-size: small;\">Wolfparks<\/span><\/span>, wo Sie sich den ganzen Tag mit den Wolfsrudeln der italienischen und franz\u00f6sischen Riviera befassen k\u00f6nnen &#8211; eine einzigartige Gelegenheit f\u00fcr Sie und Ihre Kinder die Kreature, die Sie sonst nur aus B\u00fcchern kennen einmal hautnahe zu erleben.<\/li>\n<li>R\u00fcckkehr nach San Remo \u00fcber die Autobahn (185 km &#8211; ca. 2 Std.).<\/li>\n<\/ul>\n<p>IM ANGEBOT ENTHALTEN<\/p>\n<ul>\n<li>Transfer via Minibus inkl. Fahrer.<\/li>\n<li>Eintrittskarten zum Alpha Park.<\/li>\n<\/ul>\n<p>A LA CARTE LEISTUNGEN<\/p>\n<ul>\n<li><span style=\"line-height: 13px;\">Auf Anfrage ist auch eine Wanderung zu Fuss durch den Mercantour Naturpark und zum <strong>Valle delle Meraviglie<\/strong>, einem Tal reich an prehistorischen\u00a0 Felsgravierungen m\u00f6glich.<br \/>\n<\/span><\/li>\n<\/ul>\n<p>NICHT IM ANGEBOT ENTHALTEN<\/p>\n<ul>\n<li>Speisen u. Getr\u00e4nke<\/li>\n<li>alles was nicht ausf\u00fchrlich unter &#8222;Im Angebot enthalten&#8220; aufgef\u00fchrt ist<\/li>\n<\/ul>\n","protected":false},"excerpt":{"rendered":"<p>Alpha ist ein Naturpark inmitten des franz\u00f6sischen Nationalparks &#8222;Mercantour&#8220; und das zuhause mehrerer verschiedender Wolfrudel.<\/p>\n","protected":false},"author":1,"featured_media":6150,"comment_status":"closed","ping_status":"open","sticky":false,"template":"","format":"standard","meta":{"_acf_changed":false,"_et_pb_use_builder":"","_et_pb_old_content":"","_et_gb_content_width":"","footnotes":""},"categories":[982],"tags":[],"class_list":["post-6317","post","type-post","status-publish","format-standard","has-post-thumbnail","hentry","category-frankreich"],"acf":[],"psp_head":"<title>ALPHA WOLFSPARK | iTour \u2013 itour RIVIERA |  ITALIAN AND FRENCH RIVIERA DAY TOURS<\/title>\r\n<meta name=\"description\" content=\"Ein Ausflug in den ber\u00fchmten Alpa Wolfspark, wo Sie die faszinierenden maritimen Wolfsrudel in ihrem nat\u00fcrlichen Lebensraum beobachten k\u00f6nnen.\" \/>\r\n<meta name=\"robots\" content=\"index,follow\" \/>\r\n<link rel=\"canonical\" href=\"https:\/\/itourriviera.it\/de\/ausflug-alpha-wolfspark\/\" \/>\r\n","_links":{"self":[{"href":"https:\/\/itourriviera.it\/de\/wp-json\/wp\/v2\/posts\/6317","targetHints":{"allow":["GET"]}}],"collection":[{"href":"https:\/\/itourriviera.it\/de\/wp-json\/wp\/v2\/posts"}],"about":[{"href":"https:\/\/itourriviera.it\/de\/wp-json\/wp\/v2\/types\/post"}],"author":[{"embeddable":true,"href":"https:\/\/itourriviera.it\/de\/wp-json\/wp\/v2\/users\/1"}],"replies":[{"embeddable":true,"href":"https:\/\/itourriviera.it\/de\/wp-json\/wp\/v2\/comments?post=6317"}],"version-history":[{"count":8,"href":"https:\/\/itourriviera.it\/de\/wp-json\/wp\/v2\/posts\/6317\/revisions"}],"predecessor-version":[{"id":8256,"href":"https:\/\/itourriviera.it\/de\/wp-json\/wp\/v2\/posts\/6317\/revisions\/8256"}],"wp:featuredmedia":[{"embeddable":true,"href":"https:\/\/itourriviera.it\/de\/wp-json\/wp\/v2\/media\/6150"}],"wp:attachment":[{"href":"https:\/\/itourriviera.it\/de\/wp-json\/wp\/v2\/media?parent=6317"}],"wp:term":[{"taxonomy":"category","embeddable":true,"href":"https:\/\/itourriviera.it\/de\/wp-json\/wp\/v2\/categories?post=6317"},{"taxonomy":"post_tag","embeddable":true,"href":"https:\/\/itourriviera.it\/de\/wp-json\/wp\/v2\/tags?post=6317"}],"curies":[{"name":"wp","href":"https:\/\/api.w.org\/{rel}","templated":true}]}}