{"id":18830,"date":"2026-08-25T17:08:33","date_gmt":"2026-08-25T17:08:33","guid":{"rendered":"https:\/\/itourriviera.it\/aperitif-in-den-carrugi-von-sanremo\/"},"modified":"2026-08-25T17:08:33","modified_gmt":"2026-08-25T17:08:33","slug":"aperitif-in-den-carrugi-von-sanremo","status":"publish","type":"post","link":"https:\/\/itourriviera.it\/de\/aperitif-in-den-carrugi-von-sanremo\/","title":{"rendered":"Aperitif in den carrugi von Sanremo: Sardenaira und Brandacujun"},"content":{"rendered":"<h2>Ein abendlicher Stopp zwischen den Gassen der Altstadt und den typischen Gerichten der Sanremo-K\u00fcche<\/h2>\n<p>Wenn in den Gassen von La Pigna und der Altstadt die Lichter angehen, macht sich Sanremo bereit f\u00fcr den Aperitif. Dieses Erlebnis stellt zwei typische Gerichte der lokalen Tafel vor: Sardenaira, die mit Tomate, Sardellen und Oliven belegte Focaccia aus Sanremo, und Brandacujun-Stoccafisso, die Creme aus Stockfisch, Kartoffeln, Oliven und Pinienkernen aus dem Hinterland der Riviera dei Fiori, die traditionell durch langes Schlagen der Zutaten zu einer weichen Mousse zubereitet wird.<\/p>\n<p>In einem historischen Lokal im Herzen der carrugi werden die Kostproben von einem Glas ligurischen Weins begleitet &#8211; einem Vermentino oder einem Rossese di Dolceacqua &#8211; w\u00e4hrend der Guide von der Geschichte dieser Gerichte und des Viertels erz\u00e4hlt, das sie seit Generationen bewahrt.<\/p>\n<h2>Im Erlebnis enthalten<\/h2>\n<ul>\n<li>Begleitung durch einen Guide bei der abendlichen Promenade durch die carrugi<\/li>\n<li>Verkostung von Sardenaira<\/li>\n<li>Verkostung von Brandacujun-Stoccafisso<\/li>\n<li>Ein Glas ligurischen Weins als Begleitung<\/li>\n<li>Kurzer Rundgang durch die Altstadt, etwa 1,5 Stunden<\/li>\n<\/ul>\n<h2>Nicht im Erlebnis enthalten<\/h2>\n<ul>\n<li>Transfer zum und vom Treffpunkt<\/li>\n<li>Komplettes Abendessen &#8211; es handelt sich um einen Aperitif mit Kostproben, nicht um eine Mahlzeit<\/li>\n<li>Zus\u00e4tzliche Getr\u00e4nke \u00fcber das enthaltene Glas hinaus<\/li>\n<li>Trinkgelder und pers\u00f6nliche Ausgaben<\/li>\n<\/ul>\n<h2>Buchung<\/h2>\n<p>Zur Buchung f\u00fcllen Sie bitte das Anfrageformular unten aus und geben Sie Ihr Wunschdatum sowie die Teilnehmerzahl an.<\/p>\n<h2>F\u00fcr Anpassungen<\/h2>\n<p>F\u00fcr individuelle Anpassungen &#8211; andere Uhrzeit oder Kombination mit anderen Erlebnissen &#8211; verwenden Sie bitte dasselbe Formular.<\/p>\n","protected":false},"excerpt":{"rendered":"<p>Ein abendlicher Stopp zwischen den Gassen der Altstadt und den typischen Gerichten der Sanremo-K\u00fcche Wenn in den Gassen von La Pigna und der Altstadt die Lichter angehen, macht sich Sanremo bereit f\u00fcr den Aperitif. Dieses Erlebnis stellt zwei typische Gerichte der lokalen Tafel vor: Sardenaira, die mit Tomate, Sardellen und Oliven belegte Focaccia aus Sanremo, [&hellip;]<\/p>\n","protected":false},"author":26,"featured_media":0,"comment_status":"closed","ping_status":"closed","sticky":false,"template":"","format":"standard","meta":{"_et_pb_use_builder":"","_et_pb_old_content":"","_et_gb_content_width":"","footnotes":""},"categories":[1021,991],"tags":[],"class_list":["post-18830","post","type-post","status-publish","format-standard","hentry","category-erlebnis-de","category-riviera-de"],"yoast_head":"<!-- This site is optimized with the Yoast SEO plugin v28.3 - https:\/\/yoast.com\/product\/yoast-seo-wordpress\/ -->\n<title>Aperitif in Sanremos Carrugi | Sardenaira und Brandacujun<\/title>\n<meta name=\"description\" content=\"Ein Aperitif am Abend in den Gassen der Altstadt von Sanremo, mit Sardenaira und Brandacujun-Stoccafisso, begleitet von einem Glas ligurischen Weins.\" \/>\n<meta name=\"robots\" content=\"index, follow, max-snippet:-1, max-image-preview:large, max-video-preview:-1\" \/>\n<link rel=\"canonical\" href=\"https:\/\/itourriviera.it\/de\/aperitif-in-den-carrugi-von-sanremo\/\" \/>\n<meta property=\"og:locale\" content=\"de_DE\" \/>\n<meta property=\"og:type\" content=\"article\" \/>\n<meta property=\"og:title\" content=\"Aperitif in Sanremos Carrugi | Sardenaira und Brandacujun\" \/>\n<meta property=\"og:description\" content=\"Ein Aperitif am Abend in den Gassen der Altstadt von Sanremo, mit Sardenaira und Brandacujun-Stoccafisso, begleitet von einem Glas ligurischen Weins.\" \/>\n<meta property=\"og:url\" content=\"https:\/\/itourriviera.it\/de\/aperitif-in-den-carrugi-von-sanremo\/\" \/>\n<meta property=\"og:site_name\" content=\"iTour RIVIERA D.M.C.\" \/>\n<meta property=\"article:published_time\" content=\"2026-08-25T17:08:33+00:00\" \/>\n<meta name=\"author\" content=\"Claw_zk12\" \/>\n<meta name=\"twitter:card\" content=\"summary_large_image\" \/>\n<meta name=\"twitter:label1\" content=\"Verfasst von\" \/>\n\t<meta name=\"twitter:data1\" content=\"Claw_zk12\" \/>\n\t<meta name=\"twitter:label2\" content=\"Gesch\u00e4tzte Lesezeit\" \/>\n\t<meta name=\"twitter:data2\" content=\"1\u00a0Minute\" \/>\n<script type=\"application\/ld+json\" class=\"yoast-schema-graph\">{\"@context\":\"https:\\\/\\\/schema.org\",\"@graph\":[{\"@type\":\"Article\",\"@id\":\"https:\\\/\\\/itourriviera.it\\\/de\\\/aperitif-in-den-carrugi-von-sanremo\\\/#article\",\"isPartOf\":{\"@id\":\"https:\\\/\\\/itourriviera.it\\\/de\\\/aperitif-in-den-carrugi-von-sanremo\\\/\"},\"author\":{\"name\":\"Claw_zk12\",\"@id\":\"https:\\\/\\\/itourriviera.it\\\/de\\\/#\\\/schema\\\/person\\\/2911dc5d45a41bff5558f6321346971e\"},\"headline\":\"Aperitif in den carrugi von Sanremo: Sardenaira und Brandacujun\",\"datePublished\":\"2026-08-25T17:08:33+00:00\",\"mainEntityOfPage\":{\"@id\":\"https:\\\/\\\/itourriviera.it\\\/de\\\/aperitif-in-den-carrugi-von-sanremo\\\/\"},\"wordCount\":253,\"publisher\":{\"@id\":\"https:\\\/\\\/itourriviera.it\\\/de\\\/#organization\"},\"articleSection\":[\"Erlebnis\",\"Riviera\"],\"inLanguage\":\"de\"},{\"@type\":\"WebPage\",\"@id\":\"https:\\\/\\\/itourriviera.it\\\/de\\\/aperitif-in-den-carrugi-von-sanremo\\\/\",\"url\":\"https:\\\/\\\/itourriviera.it\\\/de\\\/aperitif-in-den-carrugi-von-sanremo\\\/\",\"name\":\"Aperitif in Sanremos Carrugi | Sardenaira und Brandacujun\",\"isPartOf\":{\"@id\":\"https:\\\/\\\/itourriviera.it\\\/de\\\/#website\"},\"datePublished\":\"2026-08-25T17:08:33+00:00\",\"description\":\"Ein Aperitif am Abend in den Gassen der Altstadt von Sanremo, mit Sardenaira und Brandacujun-Stoccafisso, begleitet von einem Glas ligurischen Weins.\",\"breadcrumb\":{\"@id\":\"https:\\\/\\\/itourriviera.it\\\/de\\\/aperitif-in-den-carrugi-von-sanremo\\\/#breadcrumb\"},\"inLanguage\":\"de\",\"potentialAction\":[{\"@type\":\"ReadAction\",\"target\":[\"https:\\\/\\\/itourriviera.it\\\/de\\\/aperitif-in-den-carrugi-von-sanremo\\\/\"]}]},{\"@type\":\"BreadcrumbList\",\"@id\":\"https:\\\/\\\/itourriviera.it\\\/de\\\/aperitif-in-den-carrugi-von-sanremo\\\/#breadcrumb\",\"itemListElement\":[{\"@type\":\"ListItem\",\"position\":1,\"name\":\"Home\",\"item\":\"https:\\\/\\\/itourriviera.it\\\/de\\\/itour\\\/\"},{\"@type\":\"ListItem\",\"position\":2,\"name\":\"Aperitif in den carrugi von Sanremo: Sardenaira und Brandacujun\"}]},{\"@type\":\"WebSite\",\"@id\":\"https:\\\/\\\/itourriviera.it\\\/de\\\/#website\",\"url\":\"https:\\\/\\\/itourriviera.it\\\/de\\\/\",\"name\":\"iTour RIVIERA D.M.C.\",\"description\":\"EXPERIENCES ON ITALIAN AND FRENCH RIVIERA\",\"publisher\":{\"@id\":\"https:\\\/\\\/itourriviera.it\\\/de\\\/#organization\"},\"potentialAction\":[{\"@type\":\"SearchAction\",\"target\":{\"@type\":\"EntryPoint\",\"urlTemplate\":\"https:\\\/\\\/itourriviera.it\\\/de\\\/?s={search_term_string}\"},\"query-input\":{\"@type\":\"PropertyValueSpecification\",\"valueRequired\":true,\"valueName\":\"search_term_string\"}}],\"inLanguage\":\"de\"},{\"@type\":\"Organization\",\"@id\":\"https:\\\/\\\/itourriviera.it\\\/de\\\/#organization\",\"name\":\"iTour RIVIERA D.M.C.\",\"url\":\"https:\\\/\\\/itourriviera.it\\\/de\\\/\",\"logo\":{\"@type\":\"ImageObject\",\"inLanguage\":\"de\",\"@id\":\"https:\\\/\\\/itourriviera.it\\\/de\\\/#\\\/schema\\\/logo\\\/image\\\/\",\"url\":\"https:\\\/\\\/itourriviera.it\\\/wp-content\\\/uploads\\\/2024\\\/12\\\/itourriviera-logo.png\",\"contentUrl\":\"https:\\\/\\\/itourriviera.it\\\/wp-content\\\/uploads\\\/2024\\\/12\\\/itourriviera-logo.png\",\"width\":817,\"height\":80,\"caption\":\"iTour RIVIERA D.M.C.\"},\"image\":{\"@id\":\"https:\\\/\\\/itourriviera.it\\\/de\\\/#\\\/schema\\\/logo\\\/image\\\/\"}},{\"@type\":\"Person\",\"@id\":\"https:\\\/\\\/itourriviera.it\\\/de\\\/#\\\/schema\\\/person\\\/2911dc5d45a41bff5558f6321346971e\",\"name\":\"Claw_zk12\",\"image\":{\"@type\":\"ImageObject\",\"inLanguage\":\"de\",\"@id\":\"https:\\\/\\\/secure.gravatar.com\\\/avatar\\\/2e8ca5fce075dde6330c5c55d1f6627fd35a7fd4c35cf0f5065b503c879b0de0?s=96&d=mm&r=g\",\"url\":\"https:\\\/\\\/secure.gravatar.com\\\/avatar\\\/2e8ca5fce075dde6330c5c55d1f6627fd35a7fd4c35cf0f5065b503c879b0de0?s=96&d=mm&r=g\",\"contentUrl\":\"https:\\\/\\\/secure.gravatar.com\\\/avatar\\\/2e8ca5fce075dde6330c5c55d1f6627fd35a7fd4c35cf0f5065b503c879b0de0?s=96&d=mm&r=g\",\"caption\":\"Claw_zk12\"},\"url\":\"https:\\\/\\\/itourriviera.it\\\/de\\\/author\\\/claw_zk12\\\/\"}]}<\/script>\n<!-- \/ Yoast SEO plugin. -->","yoast_head_json":{"title":"Aperitif in Sanremos Carrugi | Sardenaira und Brandacujun","description":"Ein Aperitif am Abend in den Gassen der Altstadt von Sanremo, mit Sardenaira und Brandacujun-Stoccafisso, begleitet von einem Glas ligurischen Weins.","robots":{"index":"index","follow":"follow","max-snippet":"max-snippet:-1","max-image-preview":"max-image-preview:large","max-video-preview":"max-video-preview:-1"},"canonical":"https:\/\/itourriviera.it\/de\/aperitif-in-den-carrugi-von-sanremo\/","og_locale":"de_DE","og_type":"article","og_title":"Aperitif in Sanremos Carrugi | Sardenaira und Brandacujun","og_description":"Ein Aperitif am Abend in den Gassen der Altstadt von Sanremo, mit Sardenaira und Brandacujun-Stoccafisso, begleitet von einem Glas ligurischen Weins.","og_url":"https:\/\/itourriviera.it\/de\/aperitif-in-den-carrugi-von-sanremo\/","og_site_name":"iTour RIVIERA D.M.C.","article_published_time":"2026-08-25T17:08:33+00:00","author":"Claw_zk12","twitter_card":"summary_large_image","twitter_misc":{"Verfasst von":"Claw_zk12","Gesch\u00e4tzte Lesezeit":"1\u00a0Minute"},"schema":{"@context":"https:\/\/schema.org","@graph":[{"@type":"Article","@id":"https:\/\/itourriviera.it\/de\/aperitif-in-den-carrugi-von-sanremo\/#article","isPartOf":{"@id":"https:\/\/itourriviera.it\/de\/aperitif-in-den-carrugi-von-sanremo\/"},"author":{"name":"Claw_zk12","@id":"https:\/\/itourriviera.it\/de\/#\/schema\/person\/2911dc5d45a41bff5558f6321346971e"},"headline":"Aperitif in den carrugi von Sanremo: Sardenaira und Brandacujun","datePublished":"2026-08-25T17:08:33+00:00","mainEntityOfPage":{"@id":"https:\/\/itourriviera.it\/de\/aperitif-in-den-carrugi-von-sanremo\/"},"wordCount":253,"publisher":{"@id":"https:\/\/itourriviera.it\/de\/#organization"},"articleSection":["Erlebnis","Riviera"],"inLanguage":"de"},{"@type":"WebPage","@id":"https:\/\/itourriviera.it\/de\/aperitif-in-den-carrugi-von-sanremo\/","url":"https:\/\/itourriviera.it\/de\/aperitif-in-den-carrugi-von-sanremo\/","name":"Aperitif in Sanremos Carrugi | Sardenaira und Brandacujun","isPartOf":{"@id":"https:\/\/itourriviera.it\/de\/#website"},"datePublished":"2026-08-25T17:08:33+00:00","description":"Ein Aperitif am Abend in den Gassen der Altstadt von Sanremo, mit Sardenaira und Brandacujun-Stoccafisso, begleitet von einem Glas ligurischen Weins.","breadcrumb":{"@id":"https:\/\/itourriviera.it\/de\/aperitif-in-den-carrugi-von-sanremo\/#breadcrumb"},"inLanguage":"de","potentialAction":[{"@type":"ReadAction","target":["https:\/\/itourriviera.it\/de\/aperitif-in-den-carrugi-von-sanremo\/"]}]},{"@type":"BreadcrumbList","@id":"https:\/\/itourriviera.it\/de\/aperitif-in-den-carrugi-von-sanremo\/#breadcrumb","itemListElement":[{"@type":"ListItem","position":1,"name":"Home","item":"https:\/\/itourriviera.it\/de\/itour\/"},{"@type":"ListItem","position":2,"name":"Aperitif in den carrugi von Sanremo: Sardenaira und Brandacujun"}]},{"@type":"WebSite","@id":"https:\/\/itourriviera.it\/de\/#website","url":"https:\/\/itourriviera.it\/de\/","name":"iTour RIVIERA D.M.C.","description":"EXPERIENCES ON ITALIAN AND FRENCH RIVIERA","publisher":{"@id":"https:\/\/itourriviera.it\/de\/#organization"},"potentialAction":[{"@type":"SearchAction","target":{"@type":"EntryPoint","urlTemplate":"https:\/\/itourriviera.it\/de\/?s={search_term_string}"},"query-input":{"@type":"PropertyValueSpecification","valueRequired":true,"valueName":"search_term_string"}}],"inLanguage":"de"},{"@type":"Organization","@id":"https:\/\/itourriviera.it\/de\/#organization","name":"iTour RIVIERA D.M.C.","url":"https:\/\/itourriviera.it\/de\/","logo":{"@type":"ImageObject","inLanguage":"de","@id":"https:\/\/itourriviera.it\/de\/#\/schema\/logo\/image\/","url":"https:\/\/itourriviera.it\/wp-content\/uploads\/2024\/12\/itourriviera-logo.png","contentUrl":"https:\/\/itourriviera.it\/wp-content\/uploads\/2024\/12\/itourriviera-logo.png","width":817,"height":80,"caption":"iTour RIVIERA D.M.C."},"image":{"@id":"https:\/\/itourriviera.it\/de\/#\/schema\/logo\/image\/"}},{"@type":"Person","@id":"https:\/\/itourriviera.it\/de\/#\/schema\/person\/2911dc5d45a41bff5558f6321346971e","name":"Claw_zk12","image":{"@type":"ImageObject","inLanguage":"de","@id":"https:\/\/secure.gravatar.com\/avatar\/2e8ca5fce075dde6330c5c55d1f6627fd35a7fd4c35cf0f5065b503c879b0de0?s=96&d=mm&r=g","url":"https:\/\/secure.gravatar.com\/avatar\/2e8ca5fce075dde6330c5c55d1f6627fd35a7fd4c35cf0f5065b503c879b0de0?s=96&d=mm&r=g","contentUrl":"https:\/\/secure.gravatar.com\/avatar\/2e8ca5fce075dde6330c5c55d1f6627fd35a7fd4c35cf0f5065b503c879b0de0?s=96&d=mm&r=g","caption":"Claw_zk12"},"url":"https:\/\/itourriviera.it\/de\/author\/claw_zk12\/"}]}},"_links":{"self":[{"href":"https:\/\/itourriviera.it\/de\/wp-json\/wp\/v2\/posts\/18830","targetHints":{"allow":["GET"]}}],"collection":[{"href":"https:\/\/itourriviera.it\/de\/wp-json\/wp\/v2\/posts"}],"about":[{"href":"https:\/\/itourriviera.it\/de\/wp-json\/wp\/v2\/types\/post"}],"author":[{"embeddable":true,"href":"https:\/\/itourriviera.it\/de\/wp-json\/wp\/v2\/users\/26"}],"replies":[{"embeddable":true,"href":"https:\/\/itourriviera.it\/de\/wp-json\/wp\/v2\/comments?post=18830"}],"version-history":[{"count":0,"href":"https:\/\/itourriviera.it\/de\/wp-json\/wp\/v2\/posts\/18830\/revisions"}],"wp:attachment":[{"href":"https:\/\/itourriviera.it\/de\/wp-json\/wp\/v2\/media?parent=18830"}],"wp:term":[{"taxonomy":"category","embeddable":true,"href":"https:\/\/itourriviera.it\/de\/wp-json\/wp\/v2\/categories?post=18830"},{"taxonomy":"post_tag","embeddable":true,"href":"https:\/\/itourriviera.it\/de\/wp-json\/wp\/v2\/tags?post=18830"}],"curies":[{"name":"wp","href":"https:\/\/api.w.org\/{rel}","templated":true}]}}