{"id":17776,"date":"2023-09-24T09:53:06","date_gmt":"2023-09-24T09:53:06","guid":{"rendered":"https:\/\/beta.itourriviera.it\/?p=17776"},"modified":"2024-05-29T07:56:34","modified_gmt":"2024-05-29T07:56:34","slug":"jazzfestival-an-der-franzoesischen-riviera","status":"publish","type":"post","link":"https:\/\/itourriviera.it\/de\/jazzfestival-an-der-franzoesischen-riviera\/","title":{"rendered":"Jazzfestival an der franz\u00f6sischen Riviera"},"content":{"rendered":"<h2>Im Mittelpunkt dieser Pauschalreise steht das <strong>Jazzfestival<\/strong> in <strong>Juan Les Pins<\/strong> und <strong>Nizza<\/strong>. Neben dem Besuch des Festivals organisiert das Reiseb\u00fcro f\u00fcr Sie auch Ausfl\u00fcge zu touristischen Zielen an der C\u00f4te d&#8217;Azur wie <strong>Antibes<\/strong> und <strong>Monte Carlo<\/strong> sowie Hotel- und Restaurantbuchungen. Nehmen Sie an dieser exklusiven <strong>organisierten Gruppenreise an die C\u00f4te d&#8217;Azur teil<\/strong>!<\/h2>\n<p><strong>1. Tag<\/strong>:<\/p>\n<p>Nach der Ankunft in Nizza am Nachmittag laden wir sie zu einem Spaziergang entlang der\u00a0<strong>Promenade des Anglais<\/strong>\u00a0ein, wo sie Gelegenheit dazu haben werden die fabelhaften Sch\u00e4tze dieser Stadt zu entdecken.<\/p>\n<p>Nach dem Abendessen im Hotel werden sie (abh\u00e4ngig vom Show Kalender) die M\u00f6glichkeit haben eine der ber\u00fchmten\u00a0<strong>Jazz Shows<\/strong>\u00a0in Juan Les Pins oder Nizza zu besuchen.<\/p>\n<p>R\u00fcckkehr ins Hotel und \u00dcbernachtung.<\/p>\n<p>&nbsp;<\/p>\n<p><strong>2. Tag<\/strong>: Das europ\u00e4ische Hollywood und Antibes<\/p>\n<p>Am Morgen steht ein Besuch des sogenannten europ\u00e4ischen Hollywoods\u00a0 \u2013<strong>Cannes<\/strong>\u2013 an. Sie werden die Chance haben an der bekannten Flambiermeile\u00a0<strong>Boulevard de la Croisette<\/strong>\u00a0entlangzuschlendern und die wundersch\u00f6nen Stra\u00dfen der Innenstadt zu besuchen. Machen sie sich auf die Suche nach den 7 Gem\u00e4lden auf denen die<strong>\u00a0Filmfestspiele<\/strong>\u00a0dargestellt sind, die an unterschiedlichen Orten der Stadt aufgestellt sind.<\/p>\n<p>Am Nachmittag geht es weiter nach<strong>\u00a0Antibes<\/strong>, einem kleinen Dorf voller Charakter. Die Picasso Liebhaber unter ihnen werden Gelegenheit dazu haben ein Museum,welches einst Picasso gewidmet wurde, zu besuchen.<\/p>\n<p>Am Abend werden einige der bekanntesten Jazzspieler auf den B\u00fchne stehn um sie mit erstklassigem Jazz zu verw\u00f6hnen.<\/p>\n<p>R\u00fcckkehr ins Hotel mit \u00dcbernachtung.<\/p>\n<p>&nbsp;<\/p>\n<p><strong>3. Tag<\/strong>: Zwischen Tradition und Luxus<\/p>\n<p>Jede Reise nach Frankreich sollte einen Ausflug ins<strong>\u00a0F\u00fcrstentum von Monaco<\/strong>\u00a0beinhalten. Das ber\u00fchmet Rocca Gebiet bietet ihnen eine atemberaubende Aussicht und beherbergt das<strong>\u00a0ozeanographische Museum<\/strong>\u00a0und den<strong>\u00a0Prinzenpalast<\/strong>. Zur Mittagszeit k\u00f6nnen sie hier die Wachabl\u00f6sung der Carabiniers beobachten.<\/p>\n<p>Mit dem Ende des Ausflugs endet auch ihre Zeit bei uns<\/p>\n<p>Je nach Vef\u00fcgbarkeit k\u00f6nnen wir ihnen auch Karten zu verschiedenen Konzerten reservieren.<\/p>\n<p>&nbsp;<\/p>\n<h4>Im Angebot enthalten:<\/h4>\n<ul>\n<li>Aufentahlt in einem unserer Hotels im Doppelzimmer inkl. Halbpension<\/li>\n<li>ganzt\u00e4gige Reiseleitung am 2. und 3. Tag<\/li>\n<li>Alle Reiseb\u00fcro Geb\u00fchren<\/li>\n<\/ul>\n<p>&nbsp;<\/p>\n<h4>Nicht im Angebot enthalten:<\/h4>\n<ul>\n<li>Hin-und R\u00fcckflugtickets, Transfer zu den oben genannten Orten und alles was nicht ausdr\u00fccklich in der \u201aIm Angebot enthalten\u2018\u00a0 Liste oberhalb aufgef\u00fchrt ist.<\/li>\n<li>Mittags- und Abendessen richten sich nach dem Tagesmen\u00fc oder dem Degustationsmen\u00fc des Chefkochs. Getr\u00e4nke und a la carte Speisen werden getrennt abgerechnet und sind direkt vor Ort zu bezahlen.<\/li>\n<li>Die Ausfl\u00fcge unseres Programms finden, sofern keine anderen Angaben gemacht sind, ohne F\u00fchrer statt.<\/li>\n<\/ul>\n","protected":false},"excerpt":{"rendered":"<p>Im Mittelpunkt dieser Pauschalreise steht das Jazzfestival in Juan Les Pins und Nizza.<\/p>\n","protected":false},"author":24,"featured_media":17763,"comment_status":"closed","ping_status":"open","sticky":false,"template":"","format":"standard","meta":{"_acf_changed":false,"_et_pb_use_builder":"","_et_pb_old_content":"","_et_gb_content_width":"","footnotes":""},"categories":[982],"tags":[],"class_list":["post-17776","post","type-post","status-publish","format-standard","has-post-thumbnail","hentry","category-frankreich"],"acf":[],"psp_head":"<title>Jazzfestival an der franz\u00f6sischen Riviera \u2013 itour RIVIERA |  ITALIAN AND FRENCH RIVIERA DAY TOURS<\/title>\r\n<meta name=\"description\" content=\"Im Mittelpunkt dieser Pauschalreise steht das Jazzfestival in Juan Les Pins und Nizza. Neben dem Besuch des Festivals organisiert das Reiseb\u00fcro f\u00fcr Sie auch Ausfl\u00fcge zu touristischen Zielen an der C\u00f4te d&#039;Azur wie Antibes und Monte Carlo sowie Hotel- und Restaurantbuchungen.\" \/>\r\n<meta name=\"robots\" content=\"index,follow\" \/>\r\n<link rel=\"canonical\" href=\"https:\/\/itourriviera.it\/de\/jazzfestival-an-der-franzoesischen-riviera\/\" \/>\r\n","_links":{"self":[{"href":"https:\/\/itourriviera.it\/de\/wp-json\/wp\/v2\/posts\/17776","targetHints":{"allow":["GET"]}}],"collection":[{"href":"https:\/\/itourriviera.it\/de\/wp-json\/wp\/v2\/posts"}],"about":[{"href":"https:\/\/itourriviera.it\/de\/wp-json\/wp\/v2\/types\/post"}],"author":[{"embeddable":true,"href":"https:\/\/itourriviera.it\/de\/wp-json\/wp\/v2\/users\/24"}],"replies":[{"embeddable":true,"href":"https:\/\/itourriviera.it\/de\/wp-json\/wp\/v2\/comments?post=17776"}],"version-history":[{"count":2,"href":"https:\/\/itourriviera.it\/de\/wp-json\/wp\/v2\/posts\/17776\/revisions"}],"predecessor-version":[{"id":18005,"href":"https:\/\/itourriviera.it\/de\/wp-json\/wp\/v2\/posts\/17776\/revisions\/18005"}],"wp:featuredmedia":[{"embeddable":true,"href":"https:\/\/itourriviera.it\/de\/wp-json\/wp\/v2\/media\/17763"}],"wp:attachment":[{"href":"https:\/\/itourriviera.it\/de\/wp-json\/wp\/v2\/media?parent=17776"}],"wp:term":[{"taxonomy":"category","embeddable":true,"href":"https:\/\/itourriviera.it\/de\/wp-json\/wp\/v2\/categories?post=17776"},{"taxonomy":"post_tag","embeddable":true,"href":"https:\/\/itourriviera.it\/de\/wp-json\/wp\/v2\/tags?post=17776"}],"curies":[{"name":"wp","href":"https:\/\/api.w.org\/{rel}","templated":true}]}}