{"id":17774,"date":"2023-09-24T09:10:08","date_gmt":"2023-09-24T09:10:08","guid":{"rendered":"https:\/\/beta.itourriviera.it\/karneval-an-der-franzoesischen-riviera\/"},"modified":"2026-08-17T13:45:03","modified_gmt":"2026-08-17T13:45:03","slug":"karneval-an-der-franzoesischen-riviera","status":"publish","type":"post","link":"https:\/\/itourriviera.it\/de\/karneval-an-der-franzoesischen-riviera\/","title":{"rendered":"Karneval an der franz\u00f6sischen Riviera"},"content":{"rendered":"<h2>Dieses Reisepaket bietet Ihnen eine originelle und unterhaltsame Art, den <strong>Karneval<\/strong> zu feiern. Es handelt sich um eine organisierte Gruppenreise, die Sie zu den interessantesten Veranstaltungen an der <strong>C\u00f4te d&#8217;Azur<\/strong> f\u00fchrt: den <strong>Karneval von Nizza<\/strong> und das <strong>Zitronenfest in Menton<\/strong>. Das Paket umfasst auch die Unterbringung im Hotel und ein Abendessen in den besten <strong>Restaurants<\/strong> der Region.<\/h2>\n<p><strong>1. Tag<\/strong>:<\/p>\n<p>Ankunft und Check-In\u00a0 im vorab reservierten Hotel. Nach dem Abendessen im Hotel bleibt ihnen die restliche Abendgestaltung frei.<\/p>\n<p>&nbsp;<\/p>\n<p><strong>2. Tag<\/strong>: Verkleidet in Nizza<\/p>\n<p>Am Morgen steht ein Besuch der ber\u00fchmten\u00a0<strong>Promenade des Anglais\u00a0<\/strong>und des\u00a0<strong>Corso Salaya<\/strong>\u00a0an. Hier k\u00f6nnen sie entspannt von Boutique zu Boutique bummeln und in einem der charakteristischen Bistros einkehren. Am Nachmittag findet der\u00a0<strong>Karnevalsumzug<\/strong>\u00a0mit vielen Folkloregruppen und bunt geschm\u00fcckten Umzugsw\u00e4gen statt.<\/p>\n<p>R\u00fcckkehr ins Hotel mit Abendessen und \u00dcbernachtung.<\/p>\n<p>&nbsp;<\/p>\n<p><strong>3. Tag<\/strong>: Die Zitrusfr\u00fcchte von Menton<\/p>\n<p>Der Morgen beginng mit einem Ausflug in die Stadt der Zitronen:\u00a0<strong>Menton.\u00a0<\/strong>Bei einem Spaziergang durch die Bioves G\u00e4rten werden sie eine spannende Reise durch gigantische Zitrusfr\u00fcchte-Kompositionen erleben, die sie in alle Ecken der Welt entf\u00fchrt.<\/p>\n<p>Am Nachmittag erwartet sie ein Besuch der spektakul\u00e4ren\u00a0<strong>Zitronenfest<\/strong>\u00a0Parade. Die Umzugsw\u00e4gen, die mit Zitrusfr\u00fcchten der Riviera verziert sind, ziehen imWechsel mit Folkloregruppen und Musikkapellen an der K\u00fcste des Ortes entlang.<\/p>\n<p>Am Ende der Parade steht ihnen die Heimreise bevor.<\/p>\n<p>&nbsp;<\/p>\n<h4>Im Angebot enthalten:<\/h4>\n<ul>\n<li>\u00dcbernachtung im Doppelzimmer mit Halbpension.<\/li>\n<li>Eintrittskarten f\u00fcr den Karneval in Nizza<\/li>\n<li>Eintrittskarten f\u00fcr das Zitronenfest<\/li>\n<li>Halbtagesausflug mit Reiseleitung am 2. Tag<\/li>\n<li>Eintrittskarten f\u00fcr das st\u00e4dtische Museum mit Gratis Chips<\/li>\n<li>alle Reiseb\u00fcro Geb\u00fchren<\/li>\n<\/ul>\n<p>&nbsp;<\/p>\n<h4>Nicht im Angebot enthalten:<\/h4>\n<ul>\n<li>Hin-und R\u00fcckflugtickets, Transfer zu den oben genannten Orten und alles was nicht ausdr\u00fccklich in der \u201aIm Angebot enthalten\u2018\u00a0 Liste oberhalb aufgef\u00fchrt ist.<\/li>\n<li>Mittags- und Abendessen richten sich nach dem Tagesmen\u00fc oder dem Degustationsmen\u00fc des Chefkochs. Getr\u00e4nke und a la carte Speisen werden getrennt abgerechnet und sind direkt vor Ort zu bezahlen.<\/li>\n<li>Die Ausfl\u00fcge unseres Programms finden, sofern keine anderen Angaben gemacht sind, ohne F\u00fchrer statt.<\/li>\n<\/ul>\n","protected":false},"excerpt":{"rendered":"<p>Dieses Reisepaket bietet Ihnen eine originelle und unterhaltsame Art, den Karneval zu feiern. Es handelt sich um eine organisierte Gruppenreise, die Sie zu den interessantesten Veranstaltungen an der C\u00f4te d&#8217;Azur f\u00fchrt: den Karneval von Nizza und das Zitronenfest von Menton.<\/p>\n","protected":false},"author":24,"featured_media":17770,"comment_status":"closed","ping_status":"closed","sticky":false,"template":"","format":"standard","meta":{"_et_pb_use_builder":"","_et_pb_old_content":"","_et_gb_content_width":"","footnotes":""},"categories":[982],"tags":[],"class_list":["post-17774","post","type-post","status-publish","format-standard","has-post-thumbnail","hentry","category-frankreich"],"yoast_head":"<!-- This site is optimized with the Yoast SEO plugin v28.3 - https:\/\/yoast.com\/product\/yoast-seo-wordpress\/ -->\n<title>Karneval an der franz\u00f6sischen Riviera | iTour Riviera<\/title>\n<meta name=\"description\" content=\"Dieses Reisepaket bietet Ihnen eine originelle und unterhaltsame Art, den Karneval zu feiern. Es handelt sich um eine organisierte Gruppenreise, die Sie\" \/>\n<meta name=\"robots\" content=\"index, follow, max-snippet:-1, max-image-preview:large, max-video-preview:-1\" \/>\n<link rel=\"canonical\" href=\"https:\/\/itourriviera.it\/de\/karneval-an-der-franzoesischen-riviera\/\" \/>\n<meta property=\"og:locale\" content=\"de_DE\" \/>\n<meta property=\"og:type\" content=\"article\" \/>\n<meta property=\"og:title\" content=\"Karneval an der franz\u00f6sischen Riviera | iTour Riviera\" \/>\n<meta property=\"og:description\" content=\"Dieses Reisepaket bietet Ihnen eine originelle und unterhaltsame Art, den Karneval zu feiern. Es handelt sich um eine organisierte Gruppenreise, die Sie\" \/>\n<meta property=\"og:url\" content=\"https:\/\/itourriviera.it\/de\/karneval-an-der-franzoesischen-riviera\/\" \/>\n<meta property=\"og:site_name\" content=\"iTour RIVIERA D.M.C.\" \/>\n<meta property=\"article:published_time\" content=\"2023-09-24T09:10:08+00:00\" \/>\n<meta property=\"article:modified_time\" content=\"2026-08-17T13:45:03+00:00\" \/>\n<meta property=\"og:image\" content=\"https:\/\/itourriviera.it\/wp-content\/uploads\/2023\/09\/CARNAVAL_2011_BATAIL_1.jpg\" \/>\n\t<meta property=\"og:image:width\" content=\"800\" \/>\n\t<meta property=\"og:image:height\" content=\"532\" \/>\n\t<meta property=\"og:image:type\" content=\"image\/jpeg\" \/>\n<meta name=\"author\" content=\"Martina\" \/>\n<meta name=\"twitter:card\" content=\"summary_large_image\" \/>\n<meta name=\"twitter:label1\" content=\"Verfasst von\" \/>\n\t<meta name=\"twitter:data1\" content=\"Martina\" \/>\n\t<meta name=\"twitter:label2\" content=\"Gesch\u00e4tzte Lesezeit\" \/>\n\t<meta name=\"twitter:data2\" content=\"2\u00a0Minuten\" \/>\n<script type=\"application\/ld+json\" class=\"yoast-schema-graph\">{\"@context\":\"https:\\\/\\\/schema.org\",\"@graph\":[{\"@type\":\"Article\",\"@id\":\"https:\\\/\\\/itourriviera.it\\\/de\\\/karneval-an-der-franzoesischen-riviera\\\/#article\",\"isPartOf\":{\"@id\":\"https:\\\/\\\/itourriviera.it\\\/de\\\/karneval-an-der-franzoesischen-riviera\\\/\"},\"author\":{\"name\":\"Martina\",\"@id\":\"https:\\\/\\\/itourriviera.it\\\/de\\\/#\\\/schema\\\/person\\\/c29679731e988fef85252f4b6c1024b6\"},\"headline\":\"Karneval an der franz\u00f6sischen Riviera\",\"datePublished\":\"2023-09-24T09:10:08+00:00\",\"dateModified\":\"2026-08-17T13:45:03+00:00\",\"mainEntityOfPage\":{\"@id\":\"https:\\\/\\\/itourriviera.it\\\/de\\\/karneval-an-der-franzoesischen-riviera\\\/\"},\"wordCount\":353,\"publisher\":{\"@id\":\"https:\\\/\\\/itourriviera.it\\\/de\\\/#organization\"},\"image\":{\"@id\":\"https:\\\/\\\/itourriviera.it\\\/de\\\/karneval-an-der-franzoesischen-riviera\\\/#primaryimage\"},\"thumbnailUrl\":\"https:\\\/\\\/itourriviera.it\\\/wp-content\\\/uploads\\\/2023\\\/09\\\/CARNAVAL_2011_BATAIL_1.jpg\",\"articleSection\":[\"Frankreich\"],\"inLanguage\":\"de\"},{\"@type\":\"WebPage\",\"@id\":\"https:\\\/\\\/itourriviera.it\\\/de\\\/karneval-an-der-franzoesischen-riviera\\\/\",\"url\":\"https:\\\/\\\/itourriviera.it\\\/de\\\/karneval-an-der-franzoesischen-riviera\\\/\",\"name\":\"Karneval an der franz\u00f6sischen Riviera | iTour Riviera\",\"isPartOf\":{\"@id\":\"https:\\\/\\\/itourriviera.it\\\/de\\\/#website\"},\"primaryImageOfPage\":{\"@id\":\"https:\\\/\\\/itourriviera.it\\\/de\\\/karneval-an-der-franzoesischen-riviera\\\/#primaryimage\"},\"image\":{\"@id\":\"https:\\\/\\\/itourriviera.it\\\/de\\\/karneval-an-der-franzoesischen-riviera\\\/#primaryimage\"},\"thumbnailUrl\":\"https:\\\/\\\/itourriviera.it\\\/wp-content\\\/uploads\\\/2023\\\/09\\\/CARNAVAL_2011_BATAIL_1.jpg\",\"datePublished\":\"2023-09-24T09:10:08+00:00\",\"dateModified\":\"2026-08-17T13:45:03+00:00\",\"description\":\"Dieses Reisepaket bietet Ihnen eine originelle und unterhaltsame Art, den Karneval zu feiern. Es handelt sich um eine organisierte Gruppenreise, die Sie\",\"breadcrumb\":{\"@id\":\"https:\\\/\\\/itourriviera.it\\\/de\\\/karneval-an-der-franzoesischen-riviera\\\/#breadcrumb\"},\"inLanguage\":\"de\",\"potentialAction\":[{\"@type\":\"ReadAction\",\"target\":[\"https:\\\/\\\/itourriviera.it\\\/de\\\/karneval-an-der-franzoesischen-riviera\\\/\"]}]},{\"@type\":\"ImageObject\",\"inLanguage\":\"de\",\"@id\":\"https:\\\/\\\/itourriviera.it\\\/de\\\/karneval-an-der-franzoesischen-riviera\\\/#primaryimage\",\"url\":\"https:\\\/\\\/itourriviera.it\\\/wp-content\\\/uploads\\\/2023\\\/09\\\/CARNAVAL_2011_BATAIL_1.jpg\",\"contentUrl\":\"https:\\\/\\\/itourriviera.it\\\/wp-content\\\/uploads\\\/2023\\\/09\\\/CARNAVAL_2011_BATAIL_1.jpg\",\"width\":800,\"height\":532,\"caption\":\"Carnevale in Costa Azzurra\"},{\"@type\":\"BreadcrumbList\",\"@id\":\"https:\\\/\\\/itourriviera.it\\\/de\\\/karneval-an-der-franzoesischen-riviera\\\/#breadcrumb\",\"itemListElement\":[{\"@type\":\"ListItem\",\"position\":1,\"name\":\"Home\",\"item\":\"https:\\\/\\\/itourriviera.it\\\/de\\\/itour\\\/\"},{\"@type\":\"ListItem\",\"position\":2,\"name\":\"Karneval an der franz\u00f6sischen Riviera\"}]},{\"@type\":\"WebSite\",\"@id\":\"https:\\\/\\\/itourriviera.it\\\/de\\\/#website\",\"url\":\"https:\\\/\\\/itourriviera.it\\\/de\\\/\",\"name\":\"iTour RIVIERA D.M.C.\",\"description\":\"EXPERIENCES ON ITALIAN AND FRENCH RIVIERA\",\"publisher\":{\"@id\":\"https:\\\/\\\/itourriviera.it\\\/de\\\/#organization\"},\"potentialAction\":[{\"@type\":\"SearchAction\",\"target\":{\"@type\":\"EntryPoint\",\"urlTemplate\":\"https:\\\/\\\/itourriviera.it\\\/de\\\/?s={search_term_string}\"},\"query-input\":{\"@type\":\"PropertyValueSpecification\",\"valueRequired\":true,\"valueName\":\"search_term_string\"}}],\"inLanguage\":\"de\"},{\"@type\":\"Organization\",\"@id\":\"https:\\\/\\\/itourriviera.it\\\/de\\\/#organization\",\"name\":\"iTour RIVIERA D.M.C.\",\"url\":\"https:\\\/\\\/itourriviera.it\\\/de\\\/\",\"logo\":{\"@type\":\"ImageObject\",\"inLanguage\":\"de\",\"@id\":\"https:\\\/\\\/itourriviera.it\\\/de\\\/#\\\/schema\\\/logo\\\/image\\\/\",\"url\":\"https:\\\/\\\/itourriviera.it\\\/wp-content\\\/uploads\\\/2024\\\/12\\\/itourriviera-logo.png\",\"contentUrl\":\"https:\\\/\\\/itourriviera.it\\\/wp-content\\\/uploads\\\/2024\\\/12\\\/itourriviera-logo.png\",\"width\":817,\"height\":80,\"caption\":\"iTour RIVIERA D.M.C.\"},\"image\":{\"@id\":\"https:\\\/\\\/itourriviera.it\\\/de\\\/#\\\/schema\\\/logo\\\/image\\\/\"}},{\"@type\":\"Person\",\"@id\":\"https:\\\/\\\/itourriviera.it\\\/de\\\/#\\\/schema\\\/person\\\/c29679731e988fef85252f4b6c1024b6\",\"name\":\"Martina\",\"image\":{\"@type\":\"ImageObject\",\"inLanguage\":\"de\",\"@id\":\"https:\\\/\\\/secure.gravatar.com\\\/avatar\\\/4333b8449bd977db86084aee5156f88a9592fc2430e1f8f8ef1002b288f29468?s=96&d=mm&r=g\",\"url\":\"https:\\\/\\\/secure.gravatar.com\\\/avatar\\\/4333b8449bd977db86084aee5156f88a9592fc2430e1f8f8ef1002b288f29468?s=96&d=mm&r=g\",\"contentUrl\":\"https:\\\/\\\/secure.gravatar.com\\\/avatar\\\/4333b8449bd977db86084aee5156f88a9592fc2430e1f8f8ef1002b288f29468?s=96&d=mm&r=g\",\"caption\":\"Martina\"},\"url\":\"https:\\\/\\\/itourriviera.it\\\/de\\\/author\\\/martina\\\/\"}]}<\/script>\n<!-- \/ Yoast SEO plugin. -->","yoast_head_json":{"title":"Karneval an der franz\u00f6sischen Riviera | iTour Riviera","description":"Dieses Reisepaket bietet Ihnen eine originelle und unterhaltsame Art, den Karneval zu feiern. Es handelt sich um eine organisierte Gruppenreise, die Sie","robots":{"index":"index","follow":"follow","max-snippet":"max-snippet:-1","max-image-preview":"max-image-preview:large","max-video-preview":"max-video-preview:-1"},"canonical":"https:\/\/itourriviera.it\/de\/karneval-an-der-franzoesischen-riviera\/","og_locale":"de_DE","og_type":"article","og_title":"Karneval an der franz\u00f6sischen Riviera | iTour Riviera","og_description":"Dieses Reisepaket bietet Ihnen eine originelle und unterhaltsame Art, den Karneval zu feiern. Es handelt sich um eine organisierte Gruppenreise, die Sie","og_url":"https:\/\/itourriviera.it\/de\/karneval-an-der-franzoesischen-riviera\/","og_site_name":"iTour RIVIERA D.M.C.","article_published_time":"2023-09-24T09:10:08+00:00","article_modified_time":"2026-08-17T13:45:03+00:00","og_image":[{"width":800,"height":532,"url":"https:\/\/itourriviera.it\/wp-content\/uploads\/2023\/09\/CARNAVAL_2011_BATAIL_1.jpg","type":"image\/jpeg"}],"author":"Martina","twitter_card":"summary_large_image","twitter_misc":{"Verfasst von":"Martina","Gesch\u00e4tzte Lesezeit":"2\u00a0Minuten"},"schema":{"@context":"https:\/\/schema.org","@graph":[{"@type":"Article","@id":"https:\/\/itourriviera.it\/de\/karneval-an-der-franzoesischen-riviera\/#article","isPartOf":{"@id":"https:\/\/itourriviera.it\/de\/karneval-an-der-franzoesischen-riviera\/"},"author":{"name":"Martina","@id":"https:\/\/itourriviera.it\/de\/#\/schema\/person\/c29679731e988fef85252f4b6c1024b6"},"headline":"Karneval an der franz\u00f6sischen Riviera","datePublished":"2023-09-24T09:10:08+00:00","dateModified":"2026-08-17T13:45:03+00:00","mainEntityOfPage":{"@id":"https:\/\/itourriviera.it\/de\/karneval-an-der-franzoesischen-riviera\/"},"wordCount":353,"publisher":{"@id":"https:\/\/itourriviera.it\/de\/#organization"},"image":{"@id":"https:\/\/itourriviera.it\/de\/karneval-an-der-franzoesischen-riviera\/#primaryimage"},"thumbnailUrl":"https:\/\/itourriviera.it\/wp-content\/uploads\/2023\/09\/CARNAVAL_2011_BATAIL_1.jpg","articleSection":["Frankreich"],"inLanguage":"de"},{"@type":"WebPage","@id":"https:\/\/itourriviera.it\/de\/karneval-an-der-franzoesischen-riviera\/","url":"https:\/\/itourriviera.it\/de\/karneval-an-der-franzoesischen-riviera\/","name":"Karneval an der franz\u00f6sischen Riviera | iTour Riviera","isPartOf":{"@id":"https:\/\/itourriviera.it\/de\/#website"},"primaryImageOfPage":{"@id":"https:\/\/itourriviera.it\/de\/karneval-an-der-franzoesischen-riviera\/#primaryimage"},"image":{"@id":"https:\/\/itourriviera.it\/de\/karneval-an-der-franzoesischen-riviera\/#primaryimage"},"thumbnailUrl":"https:\/\/itourriviera.it\/wp-content\/uploads\/2023\/09\/CARNAVAL_2011_BATAIL_1.jpg","datePublished":"2023-09-24T09:10:08+00:00","dateModified":"2026-08-17T13:45:03+00:00","description":"Dieses Reisepaket bietet Ihnen eine originelle und unterhaltsame Art, den Karneval zu feiern. Es handelt sich um eine organisierte Gruppenreise, die Sie","breadcrumb":{"@id":"https:\/\/itourriviera.it\/de\/karneval-an-der-franzoesischen-riviera\/#breadcrumb"},"inLanguage":"de","potentialAction":[{"@type":"ReadAction","target":["https:\/\/itourriviera.it\/de\/karneval-an-der-franzoesischen-riviera\/"]}]},{"@type":"ImageObject","inLanguage":"de","@id":"https:\/\/itourriviera.it\/de\/karneval-an-der-franzoesischen-riviera\/#primaryimage","url":"https:\/\/itourriviera.it\/wp-content\/uploads\/2023\/09\/CARNAVAL_2011_BATAIL_1.jpg","contentUrl":"https:\/\/itourriviera.it\/wp-content\/uploads\/2023\/09\/CARNAVAL_2011_BATAIL_1.jpg","width":800,"height":532,"caption":"Carnevale in Costa Azzurra"},{"@type":"BreadcrumbList","@id":"https:\/\/itourriviera.it\/de\/karneval-an-der-franzoesischen-riviera\/#breadcrumb","itemListElement":[{"@type":"ListItem","position":1,"name":"Home","item":"https:\/\/itourriviera.it\/de\/itour\/"},{"@type":"ListItem","position":2,"name":"Karneval an der franz\u00f6sischen Riviera"}]},{"@type":"WebSite","@id":"https:\/\/itourriviera.it\/de\/#website","url":"https:\/\/itourriviera.it\/de\/","name":"iTour RIVIERA D.M.C.","description":"EXPERIENCES ON ITALIAN AND FRENCH RIVIERA","publisher":{"@id":"https:\/\/itourriviera.it\/de\/#organization"},"potentialAction":[{"@type":"SearchAction","target":{"@type":"EntryPoint","urlTemplate":"https:\/\/itourriviera.it\/de\/?s={search_term_string}"},"query-input":{"@type":"PropertyValueSpecification","valueRequired":true,"valueName":"search_term_string"}}],"inLanguage":"de"},{"@type":"Organization","@id":"https:\/\/itourriviera.it\/de\/#organization","name":"iTour RIVIERA D.M.C.","url":"https:\/\/itourriviera.it\/de\/","logo":{"@type":"ImageObject","inLanguage":"de","@id":"https:\/\/itourriviera.it\/de\/#\/schema\/logo\/image\/","url":"https:\/\/itourriviera.it\/wp-content\/uploads\/2024\/12\/itourriviera-logo.png","contentUrl":"https:\/\/itourriviera.it\/wp-content\/uploads\/2024\/12\/itourriviera-logo.png","width":817,"height":80,"caption":"iTour RIVIERA D.M.C."},"image":{"@id":"https:\/\/itourriviera.it\/de\/#\/schema\/logo\/image\/"}},{"@type":"Person","@id":"https:\/\/itourriviera.it\/de\/#\/schema\/person\/c29679731e988fef85252f4b6c1024b6","name":"Martina","image":{"@type":"ImageObject","inLanguage":"de","@id":"https:\/\/secure.gravatar.com\/avatar\/4333b8449bd977db86084aee5156f88a9592fc2430e1f8f8ef1002b288f29468?s=96&d=mm&r=g","url":"https:\/\/secure.gravatar.com\/avatar\/4333b8449bd977db86084aee5156f88a9592fc2430e1f8f8ef1002b288f29468?s=96&d=mm&r=g","contentUrl":"https:\/\/secure.gravatar.com\/avatar\/4333b8449bd977db86084aee5156f88a9592fc2430e1f8f8ef1002b288f29468?s=96&d=mm&r=g","caption":"Martina"},"url":"https:\/\/itourriviera.it\/de\/author\/martina\/"}]}},"_links":{"self":[{"href":"https:\/\/itourriviera.it\/de\/wp-json\/wp\/v2\/posts\/17774","targetHints":{"allow":["GET"]}}],"collection":[{"href":"https:\/\/itourriviera.it\/de\/wp-json\/wp\/v2\/posts"}],"about":[{"href":"https:\/\/itourriviera.it\/de\/wp-json\/wp\/v2\/types\/post"}],"author":[{"embeddable":true,"href":"https:\/\/itourriviera.it\/de\/wp-json\/wp\/v2\/users\/24"}],"replies":[{"embeddable":true,"href":"https:\/\/itourriviera.it\/de\/wp-json\/wp\/v2\/comments?post=17774"}],"version-history":[{"count":1,"href":"https:\/\/itourriviera.it\/de\/wp-json\/wp\/v2\/posts\/17774\/revisions"}],"predecessor-version":[{"id":18006,"href":"https:\/\/itourriviera.it\/de\/wp-json\/wp\/v2\/posts\/17774\/revisions\/18006"}],"wp:featuredmedia":[{"embeddable":true,"href":"https:\/\/itourriviera.it\/de\/wp-json\/wp\/v2\/media\/17770"}],"wp:attachment":[{"href":"https:\/\/itourriviera.it\/de\/wp-json\/wp\/v2\/media?parent=17774"}],"wp:term":[{"taxonomy":"category","embeddable":true,"href":"https:\/\/itourriviera.it\/de\/wp-json\/wp\/v2\/categories?post=17774"},{"taxonomy":"post_tag","embeddable":true,"href":"https:\/\/itourriviera.it\/de\/wp-json\/wp\/v2\/tags?post=17774"}],"curies":[{"name":"wp","href":"https:\/\/api.w.org\/{rel}","templated":true}]}}