{"id":1474,"date":"2011-12-03T10:28:28","date_gmt":"2011-12-03T10:28:28","guid":{"rendered":"http:\/\/www.nyalatravel.com\/wordpress\/?p=1474"},"modified":"2026-08-17T13:45:09","modified_gmt":"2026-08-17T13:45:09","slug":"genua-hauptstadt-liguriens","status":"publish","type":"post","link":"https:\/\/itourriviera.it\/de\/genua-hauptstadt-liguriens\/","title":{"rendered":"Genua, Hauptstadt Liguriens"},"content":{"rendered":"<h4>Auf unserem Ausflug nach Genua haben sie Gelegenheit dazu die wahre Gr\u00f6\u00dfe der maritimen Republik zu entdecken. Von der Geschichte der gro\u00dfen Pal\u00e4ste auf der Barockzeit, bis hin zur modernen Architektur des antiken Hafens.<\/h4>\n<p><!--more--><\/p>\n<p><iframe loading=\"lazy\" title=\"LOVINGENOVA......\" width=\"1080\" height=\"608\" src=\"https:\/\/www.youtube.com\/embed\/1fQSH9gEshk?feature=oembed\"  allow=\"accelerometer; autoplay; clipboard-write; encrypted-media; gyroscope; picture-in-picture; web-share\" allowfullscreen><\/iframe><\/p>\n<p>&nbsp;<\/p>\n<p>AUSFLUGSPROGRAMM<\/p>\n<p>*Von San Remo \u00fcber die Autobahn bis\u00a0<strong>Genua<\/strong>: Strecke, 140km ca. 1Std. 30 Min.<\/p>\n<p>* Halt am\u00a0<strong>alten Hafen<\/strong>, der durch den Architekten Renzo Piano erneuert wurde.<\/p>\n<p>* Besuch des <strong>Galata Aquariums<\/strong>, das Gr\u00f6\u00dfte in ganz Europa, wo verschiedene Meere und ihre Bewohner zu bestaunen sind. Mit \u00fcber eine Million Besuchern ist es da\u00df zweit besuchteste Museum von Italien.<\/p>\n<p>* Besuch der Innenstadt des K\u00f6nigspalastes und dem\u00a0<strong>Herzogen Palast<\/strong>.<\/p>\n<p>* Au\u00dfderdem einen Besuch wert ist das historische Stadtzentrum, wo sie unter anderem den oppulenten Herzogspalast und das k\u00fcnstlerische Stadtviertel\u00a0 <strong>Strada Nuevo<\/strong>, welches zum <strong>UNESCO Weltkulturerbe<\/strong> z\u00e4hlt.<\/p>\n<p>* Zur\u00fcck \u00fcber die Autobahn.<\/p>\n<p>IM ANGEBOT ENTHALTEN:<\/p>\n<ul>\n<li>Transfer via Minibus inkl. Fahrer<\/li>\n<\/ul>\n<p>A LA CARTE LEISTUNGEN:<\/p>\n<ul>\n<li>Mittagessen in einem authentischen Restaurant der Stadt<\/li>\n<li>Vorab-Reservierung von Eintrittskarten f\u00fcr das Aquarium von Genua<\/li>\n<li>Vorab-Reservierung von Eintrittskarten zu den Pallazzi dei Rolli<\/li>\n<li>Vorab-Reservierung von Eintrittskarten f\u00fcr die Kunstausstellung im Pallazzo Ducale<\/li>\n<\/ul>\n<p>&nbsp;<\/p>\n<p>NICHT IM ANGEBOT ENTHALTEN<\/p>\n<ul>\n<li>Speisen u. Getr\u00e4nke<\/li>\n<li>Eintrittskartenpreise<\/li>\n<li>alles was nicht ausf\u00fchrlich unter &#8222;Im Angebot enthalten&#8220; aufgef\u00fchrt ist<\/li>\n<\/ul>\n<p>&nbsp;<\/p>\n<p>&nbsp;<\/p>\n<p><img loading=\"lazy\" decoding=\"async\" class=\"alignleft\" src=\"https:\/\/itourriviera.it\/wp-content\/uploads\/2011\/11\/bambini.png\" alt=\"Escursioni per i bambini\" width=\"175\" height=\"85\" \/>UNTERWEGS MIT KINDERN<\/p>\n<p>F\u00fcr Familien, die mit Kindern reisen ist ein Besuch des<strong> Aquariums von Genua<\/strong> ein absolutes Muss. Aber auch der alte Hafen in dem <strong>Polanski&#8217;s Film &#8222;Piraten&#8220;<\/strong> gedreht wurde sollte auf keiner Ausflugsliste fehlen.<\/p>\n<p>&nbsp;<\/p>\n<p>https:\/\/www.youtube.com\/watch?v=r1p4n5imYp8<\/p>\n<p>&nbsp;<\/p>\n","protected":false},"excerpt":{"rendered":"<p>Auf unserem Ausflug nach Genua haben sie Gelegenheit dazu die wahre Gr\u00f6\u00dfe der maritimen Republik zu entdecken. Von der Geschichte der gro\u00dfen Pal\u00e4ste auf der Barockzeit, bis hin zur modernen Architektur des antiken Hafens.<\/p>\n","protected":false},"author":1,"featured_media":8206,"comment_status":"closed","ping_status":"closed","sticky":false,"template":"","format":"standard","meta":{"_et_pb_use_builder":"","_et_pb_old_content":"","_et_gb_content_width":"","footnotes":""},"categories":[961,991],"tags":[],"class_list":["post-1474","post","type-post","status-publish","format-standard","has-post-thumbnail","hentry","category-ligurien","category-riviera-de"],"yoast_head":"<!-- This site is optimized with the Yoast SEO plugin v28.4 - https:\/\/yoast.com\/product\/yoast-seo-wordpress\/ -->\n<title>Genua, Hauptstadt Liguriens | iTour Riviera<\/title>\n<meta name=\"description\" content=\"Auf unserem Ausflug nach Genua haben sie Gelegenheit dazu die wahre Gr\u00f6\u00dfe der maritimen Republik zu entdecken. Von der Geschichte der gro\u00dfen Pal\u00e4ste auf\" \/>\n<meta name=\"robots\" content=\"index, follow, max-snippet:-1, max-image-preview:large, max-video-preview:-1\" \/>\n<link rel=\"canonical\" href=\"https:\/\/itourriviera.it\/de\/genua-hauptstadt-liguriens\/\" \/>\n<meta property=\"og:locale\" content=\"de_DE\" \/>\n<meta property=\"og:type\" content=\"article\" \/>\n<meta property=\"og:title\" content=\"Genua, Hauptstadt Liguriens | iTour Riviera\" \/>\n<meta property=\"og:description\" content=\"Auf unserem Ausflug nach Genua haben sie Gelegenheit dazu die wahre Gr\u00f6\u00dfe der maritimen Republik zu entdecken. Von der Geschichte der gro\u00dfen Pal\u00e4ste auf\" \/>\n<meta property=\"og:url\" content=\"https:\/\/itourriviera.it\/de\/genua-hauptstadt-liguriens\/\" \/>\n<meta property=\"og:site_name\" content=\"iTour RIVIERA D.M.C.\" \/>\n<meta property=\"article:published_time\" content=\"2011-12-03T10:28:28+00:00\" \/>\n<meta property=\"article:modified_time\" content=\"2026-08-17T13:45:09+00:00\" \/>\n<meta property=\"og:image\" content=\"https:\/\/itourriviera.it\/wp-content\/uploads\/2011\/11\/belinda-fewings-kyRvCJEhbtQ-unsplash.jpg\" \/>\n\t<meta property=\"og:image:width\" content=\"1920\" \/>\n\t<meta property=\"og:image:height\" content=\"1440\" \/>\n\t<meta property=\"og:image:type\" content=\"image\/jpeg\" \/>\n<meta name=\"author\" content=\"nyala\" \/>\n<meta name=\"twitter:card\" content=\"summary_large_image\" \/>\n<meta name=\"twitter:label1\" content=\"Verfasst von\" \/>\n\t<meta name=\"twitter:data1\" content=\"nyala\" \/>\n\t<meta name=\"twitter:label2\" content=\"Gesch\u00e4tzte Lesezeit\" \/>\n\t<meta name=\"twitter:data2\" content=\"1\u00a0Minute\" \/>\n<script type=\"application\/ld+json\" class=\"yoast-schema-graph\">{\"@context\":\"https:\\\/\\\/schema.org\",\"@graph\":[{\"@type\":\"Article\",\"@id\":\"https:\\\/\\\/itourriviera.it\\\/de\\\/genua-hauptstadt-liguriens\\\/#article\",\"isPartOf\":{\"@id\":\"https:\\\/\\\/itourriviera.it\\\/de\\\/genua-hauptstadt-liguriens\\\/\"},\"author\":{\"name\":\"nyala\",\"@id\":\"https:\\\/\\\/itourriviera.it\\\/de\\\/#\\\/schema\\\/person\\\/f771c65249e37eacd1938768b019c66a\"},\"headline\":\"Genua, Hauptstadt Liguriens\",\"datePublished\":\"2011-12-03T10:28:28+00:00\",\"dateModified\":\"2026-08-17T13:45:09+00:00\",\"mainEntityOfPage\":{\"@id\":\"https:\\\/\\\/itourriviera.it\\\/de\\\/genua-hauptstadt-liguriens\\\/\"},\"wordCount\":271,\"publisher\":{\"@id\":\"https:\\\/\\\/itourriviera.it\\\/de\\\/#organization\"},\"image\":{\"@id\":\"https:\\\/\\\/itourriviera.it\\\/de\\\/genua-hauptstadt-liguriens\\\/#primaryimage\"},\"thumbnailUrl\":\"https:\\\/\\\/itourriviera.it\\\/wp-content\\\/uploads\\\/2011\\\/11\\\/belinda-fewings-kyRvCJEhbtQ-unsplash.jpg\",\"articleSection\":[\"Ligurien\",\"Riviera\"],\"inLanguage\":\"de\"},{\"@type\":\"WebPage\",\"@id\":\"https:\\\/\\\/itourriviera.it\\\/de\\\/genua-hauptstadt-liguriens\\\/\",\"url\":\"https:\\\/\\\/itourriviera.it\\\/de\\\/genua-hauptstadt-liguriens\\\/\",\"name\":\"Genua, Hauptstadt Liguriens | iTour Riviera\",\"isPartOf\":{\"@id\":\"https:\\\/\\\/itourriviera.it\\\/de\\\/#website\"},\"primaryImageOfPage\":{\"@id\":\"https:\\\/\\\/itourriviera.it\\\/de\\\/genua-hauptstadt-liguriens\\\/#primaryimage\"},\"image\":{\"@id\":\"https:\\\/\\\/itourriviera.it\\\/de\\\/genua-hauptstadt-liguriens\\\/#primaryimage\"},\"thumbnailUrl\":\"https:\\\/\\\/itourriviera.it\\\/wp-content\\\/uploads\\\/2011\\\/11\\\/belinda-fewings-kyRvCJEhbtQ-unsplash.jpg\",\"datePublished\":\"2011-12-03T10:28:28+00:00\",\"dateModified\":\"2026-08-17T13:45:09+00:00\",\"description\":\"Auf unserem Ausflug nach Genua haben sie Gelegenheit dazu die wahre Gr\u00f6\u00dfe der maritimen Republik zu entdecken. Von der Geschichte der gro\u00dfen Pal\u00e4ste auf\",\"breadcrumb\":{\"@id\":\"https:\\\/\\\/itourriviera.it\\\/de\\\/genua-hauptstadt-liguriens\\\/#breadcrumb\"},\"inLanguage\":\"de\",\"potentialAction\":[{\"@type\":\"ReadAction\",\"target\":[\"https:\\\/\\\/itourriviera.it\\\/de\\\/genua-hauptstadt-liguriens\\\/\"]}]},{\"@type\":\"ImageObject\",\"inLanguage\":\"de\",\"@id\":\"https:\\\/\\\/itourriviera.it\\\/de\\\/genua-hauptstadt-liguriens\\\/#primaryimage\",\"url\":\"https:\\\/\\\/itourriviera.it\\\/wp-content\\\/uploads\\\/2011\\\/11\\\/belinda-fewings-kyRvCJEhbtQ-unsplash.jpg\",\"contentUrl\":\"https:\\\/\\\/itourriviera.it\\\/wp-content\\\/uploads\\\/2011\\\/11\\\/belinda-fewings-kyRvCJEhbtQ-unsplash.jpg\",\"width\":1920,\"height\":1440,\"caption\":\"Piazza Ferrari, Genova\"},{\"@type\":\"BreadcrumbList\",\"@id\":\"https:\\\/\\\/itourriviera.it\\\/de\\\/genua-hauptstadt-liguriens\\\/#breadcrumb\",\"itemListElement\":[{\"@type\":\"ListItem\",\"position\":1,\"name\":\"Home\",\"item\":\"https:\\\/\\\/itourriviera.it\\\/de\\\/itour\\\/\"},{\"@type\":\"ListItem\",\"position\":2,\"name\":\"Genua, Hauptstadt Liguriens\"}]},{\"@type\":\"WebSite\",\"@id\":\"https:\\\/\\\/itourriviera.it\\\/de\\\/#website\",\"url\":\"https:\\\/\\\/itourriviera.it\\\/de\\\/\",\"name\":\"iTour RIVIERA D.M.C.\",\"description\":\"EXPERIENCES ON ITALIAN AND FRENCH RIVIERA\",\"publisher\":{\"@id\":\"https:\\\/\\\/itourriviera.it\\\/de\\\/#organization\"},\"potentialAction\":[{\"@type\":\"SearchAction\",\"target\":{\"@type\":\"EntryPoint\",\"urlTemplate\":\"https:\\\/\\\/itourriviera.it\\\/de\\\/?s={search_term_string}\"},\"query-input\":{\"@type\":\"PropertyValueSpecification\",\"valueRequired\":true,\"valueName\":\"search_term_string\"}}],\"inLanguage\":\"de\"},{\"@type\":\"Organization\",\"@id\":\"https:\\\/\\\/itourriviera.it\\\/de\\\/#organization\",\"name\":\"iTour RIVIERA D.M.C.\",\"url\":\"https:\\\/\\\/itourriviera.it\\\/de\\\/\",\"logo\":{\"@type\":\"ImageObject\",\"inLanguage\":\"de\",\"@id\":\"https:\\\/\\\/itourriviera.it\\\/de\\\/#\\\/schema\\\/logo\\\/image\\\/\",\"url\":\"https:\\\/\\\/itourriviera.it\\\/wp-content\\\/uploads\\\/2024\\\/12\\\/itourriviera-logo.png\",\"contentUrl\":\"https:\\\/\\\/itourriviera.it\\\/wp-content\\\/uploads\\\/2024\\\/12\\\/itourriviera-logo.png\",\"width\":817,\"height\":80,\"caption\":\"iTour RIVIERA D.M.C.\"},\"image\":{\"@id\":\"https:\\\/\\\/itourriviera.it\\\/de\\\/#\\\/schema\\\/logo\\\/image\\\/\"}},{\"@type\":\"Person\",\"@id\":\"https:\\\/\\\/itourriviera.it\\\/de\\\/#\\\/schema\\\/person\\\/f771c65249e37eacd1938768b019c66a\",\"name\":\"nyala\",\"image\":{\"@type\":\"ImageObject\",\"inLanguage\":\"de\",\"@id\":\"https:\\\/\\\/secure.gravatar.com\\\/avatar\\\/f7a5868e5bab01769ba9e8d575a8e64c7b2565c93e480cff0ab08e82e18f9ab1?s=96&d=mm&r=g\",\"url\":\"https:\\\/\\\/secure.gravatar.com\\\/avatar\\\/f7a5868e5bab01769ba9e8d575a8e64c7b2565c93e480cff0ab08e82e18f9ab1?s=96&d=mm&r=g\",\"contentUrl\":\"https:\\\/\\\/secure.gravatar.com\\\/avatar\\\/f7a5868e5bab01769ba9e8d575a8e64c7b2565c93e480cff0ab08e82e18f9ab1?s=96&d=mm&r=g\",\"caption\":\"nyala\"},\"url\":\"https:\\\/\\\/itourriviera.it\\\/de\\\/author\\\/nyala\\\/\"}]}<\/script>\n<!-- \/ Yoast SEO plugin. -->","yoast_head_json":{"title":"Genua, Hauptstadt Liguriens | iTour Riviera","description":"Auf unserem Ausflug nach Genua haben sie Gelegenheit dazu die wahre Gr\u00f6\u00dfe der maritimen Republik zu entdecken. Von der Geschichte der gro\u00dfen Pal\u00e4ste auf","robots":{"index":"index","follow":"follow","max-snippet":"max-snippet:-1","max-image-preview":"max-image-preview:large","max-video-preview":"max-video-preview:-1"},"canonical":"https:\/\/itourriviera.it\/de\/genua-hauptstadt-liguriens\/","og_locale":"de_DE","og_type":"article","og_title":"Genua, Hauptstadt Liguriens | iTour Riviera","og_description":"Auf unserem Ausflug nach Genua haben sie Gelegenheit dazu die wahre Gr\u00f6\u00dfe der maritimen Republik zu entdecken. Von der Geschichte der gro\u00dfen Pal\u00e4ste auf","og_url":"https:\/\/itourriviera.it\/de\/genua-hauptstadt-liguriens\/","og_site_name":"iTour RIVIERA D.M.C.","article_published_time":"2011-12-03T10:28:28+00:00","article_modified_time":"2026-08-17T13:45:09+00:00","og_image":[{"width":1920,"height":1440,"url":"https:\/\/itourriviera.it\/wp-content\/uploads\/2011\/11\/belinda-fewings-kyRvCJEhbtQ-unsplash.jpg","type":"image\/jpeg"}],"author":"nyala","twitter_card":"summary_large_image","twitter_misc":{"Verfasst von":"nyala","Gesch\u00e4tzte Lesezeit":"1\u00a0Minute"},"schema":{"@context":"https:\/\/schema.org","@graph":[{"@type":"Article","@id":"https:\/\/itourriviera.it\/de\/genua-hauptstadt-liguriens\/#article","isPartOf":{"@id":"https:\/\/itourriviera.it\/de\/genua-hauptstadt-liguriens\/"},"author":{"name":"nyala","@id":"https:\/\/itourriviera.it\/de\/#\/schema\/person\/f771c65249e37eacd1938768b019c66a"},"headline":"Genua, Hauptstadt Liguriens","datePublished":"2011-12-03T10:28:28+00:00","dateModified":"2026-08-17T13:45:09+00:00","mainEntityOfPage":{"@id":"https:\/\/itourriviera.it\/de\/genua-hauptstadt-liguriens\/"},"wordCount":271,"publisher":{"@id":"https:\/\/itourriviera.it\/de\/#organization"},"image":{"@id":"https:\/\/itourriviera.it\/de\/genua-hauptstadt-liguriens\/#primaryimage"},"thumbnailUrl":"https:\/\/itourriviera.it\/wp-content\/uploads\/2011\/11\/belinda-fewings-kyRvCJEhbtQ-unsplash.jpg","articleSection":["Ligurien","Riviera"],"inLanguage":"de"},{"@type":"WebPage","@id":"https:\/\/itourriviera.it\/de\/genua-hauptstadt-liguriens\/","url":"https:\/\/itourriviera.it\/de\/genua-hauptstadt-liguriens\/","name":"Genua, Hauptstadt Liguriens | iTour Riviera","isPartOf":{"@id":"https:\/\/itourriviera.it\/de\/#website"},"primaryImageOfPage":{"@id":"https:\/\/itourriviera.it\/de\/genua-hauptstadt-liguriens\/#primaryimage"},"image":{"@id":"https:\/\/itourriviera.it\/de\/genua-hauptstadt-liguriens\/#primaryimage"},"thumbnailUrl":"https:\/\/itourriviera.it\/wp-content\/uploads\/2011\/11\/belinda-fewings-kyRvCJEhbtQ-unsplash.jpg","datePublished":"2011-12-03T10:28:28+00:00","dateModified":"2026-08-17T13:45:09+00:00","description":"Auf unserem Ausflug nach Genua haben sie Gelegenheit dazu die wahre Gr\u00f6\u00dfe der maritimen Republik zu entdecken. Von der Geschichte der gro\u00dfen Pal\u00e4ste auf","breadcrumb":{"@id":"https:\/\/itourriviera.it\/de\/genua-hauptstadt-liguriens\/#breadcrumb"},"inLanguage":"de","potentialAction":[{"@type":"ReadAction","target":["https:\/\/itourriviera.it\/de\/genua-hauptstadt-liguriens\/"]}]},{"@type":"ImageObject","inLanguage":"de","@id":"https:\/\/itourriviera.it\/de\/genua-hauptstadt-liguriens\/#primaryimage","url":"https:\/\/itourriviera.it\/wp-content\/uploads\/2011\/11\/belinda-fewings-kyRvCJEhbtQ-unsplash.jpg","contentUrl":"https:\/\/itourriviera.it\/wp-content\/uploads\/2011\/11\/belinda-fewings-kyRvCJEhbtQ-unsplash.jpg","width":1920,"height":1440,"caption":"Piazza Ferrari, Genova"},{"@type":"BreadcrumbList","@id":"https:\/\/itourriviera.it\/de\/genua-hauptstadt-liguriens\/#breadcrumb","itemListElement":[{"@type":"ListItem","position":1,"name":"Home","item":"https:\/\/itourriviera.it\/de\/itour\/"},{"@type":"ListItem","position":2,"name":"Genua, Hauptstadt Liguriens"}]},{"@type":"WebSite","@id":"https:\/\/itourriviera.it\/de\/#website","url":"https:\/\/itourriviera.it\/de\/","name":"iTour RIVIERA D.M.C.","description":"EXPERIENCES ON ITALIAN AND FRENCH RIVIERA","publisher":{"@id":"https:\/\/itourriviera.it\/de\/#organization"},"potentialAction":[{"@type":"SearchAction","target":{"@type":"EntryPoint","urlTemplate":"https:\/\/itourriviera.it\/de\/?s={search_term_string}"},"query-input":{"@type":"PropertyValueSpecification","valueRequired":true,"valueName":"search_term_string"}}],"inLanguage":"de"},{"@type":"Organization","@id":"https:\/\/itourriviera.it\/de\/#organization","name":"iTour RIVIERA D.M.C.","url":"https:\/\/itourriviera.it\/de\/","logo":{"@type":"ImageObject","inLanguage":"de","@id":"https:\/\/itourriviera.it\/de\/#\/schema\/logo\/image\/","url":"https:\/\/itourriviera.it\/wp-content\/uploads\/2024\/12\/itourriviera-logo.png","contentUrl":"https:\/\/itourriviera.it\/wp-content\/uploads\/2024\/12\/itourriviera-logo.png","width":817,"height":80,"caption":"iTour RIVIERA D.M.C."},"image":{"@id":"https:\/\/itourriviera.it\/de\/#\/schema\/logo\/image\/"}},{"@type":"Person","@id":"https:\/\/itourriviera.it\/de\/#\/schema\/person\/f771c65249e37eacd1938768b019c66a","name":"nyala","image":{"@type":"ImageObject","inLanguage":"de","@id":"https:\/\/secure.gravatar.com\/avatar\/f7a5868e5bab01769ba9e8d575a8e64c7b2565c93e480cff0ab08e82e18f9ab1?s=96&d=mm&r=g","url":"https:\/\/secure.gravatar.com\/avatar\/f7a5868e5bab01769ba9e8d575a8e64c7b2565c93e480cff0ab08e82e18f9ab1?s=96&d=mm&r=g","contentUrl":"https:\/\/secure.gravatar.com\/avatar\/f7a5868e5bab01769ba9e8d575a8e64c7b2565c93e480cff0ab08e82e18f9ab1?s=96&d=mm&r=g","caption":"nyala"},"url":"https:\/\/itourriviera.it\/de\/author\/nyala\/"}]}},"_links":{"self":[{"href":"https:\/\/itourriviera.it\/de\/wp-json\/wp\/v2\/posts\/1474","targetHints":{"allow":["GET"]}}],"collection":[{"href":"https:\/\/itourriviera.it\/de\/wp-json\/wp\/v2\/posts"}],"about":[{"href":"https:\/\/itourriviera.it\/de\/wp-json\/wp\/v2\/types\/post"}],"author":[{"embeddable":true,"href":"https:\/\/itourriviera.it\/de\/wp-json\/wp\/v2\/users\/1"}],"replies":[{"embeddable":true,"href":"https:\/\/itourriviera.it\/de\/wp-json\/wp\/v2\/comments?post=1474"}],"version-history":[{"count":11,"href":"https:\/\/itourriviera.it\/de\/wp-json\/wp\/v2\/posts\/1474\/revisions"}],"predecessor-version":[{"id":8304,"href":"https:\/\/itourriviera.it\/de\/wp-json\/wp\/v2\/posts\/1474\/revisions\/8304"}],"wp:featuredmedia":[{"embeddable":true,"href":"https:\/\/itourriviera.it\/de\/wp-json\/wp\/v2\/media\/8206"}],"wp:attachment":[{"href":"https:\/\/itourriviera.it\/de\/wp-json\/wp\/v2\/media?parent=1474"}],"wp:term":[{"taxonomy":"category","embeddable":true,"href":"https:\/\/itourriviera.it\/de\/wp-json\/wp\/v2\/categories?post=1474"},{"taxonomy":"post_tag","embeddable":true,"href":"https:\/\/itourriviera.it\/de\/wp-json\/wp\/v2\/tags?post=1474"}],"curies":[{"name":"wp","href":"https:\/\/api.w.org\/{rel}","templated":true}]}}